{"id":2915,"date":"2025-01-10T09:58:24","date_gmt":"2025-01-10T09:58:24","guid":{"rendered":"https:\/\/consizmir.esteri.it\/?p=2915"},"modified":"2025-01-10T10:01:26","modified_gmt":"2025-01-10T10:01:26","slug":"carissimo-pinocchio-designer-e-grafici-italiani-ridisegnano-il-burattino-piu-famoso-del-mondo","status":"publish","type":"post","link":"https:\/\/consizmir.esteri.it\/it\/news\/dal_consolato\/2025\/01\/carissimo-pinocchio-designer-e-grafici-italiani-ridisegnano-il-burattino-piu-famoso-del-mondo\/","title":{"rendered":"Carissimo Pinocchio &#8211; Designer e grafici italiani ridisegnano il burattino pi\u00f9 famoso del mondo"},"content":{"rendered":"<p>Il Consolato d&#8217;Italia ad Izmir presenta alla citt\u00e0 una nuova mostra di design dedicata al famoso Pinocchio, una storia su come i designer italiani hanno interpretato questo personaggio letterario. La mostra \u201cCarissimo Pinocchio\u201d \u00e8 stata realizzata dall\u2019ADI Design Museum di Milano nel 2023 in occasione dei 140 anni dalla prima edizione de \u201cLe avventure di Pinocchio, storia di un burattino\u201d di Carlo Collodi, libro italiano pi\u00f9 tradotto al mondo.<br \/>\nIl 10 gennaio alle ore 19.30 presso la galleria d&#8217;arte Konak metro Sanat Galerisi il Console d&#8217;Italia, insieme al curatore Giulio Iacchetti e in collaborazione con la Grande Municipalit\u00e0 di Izmir, inaugura l&#8217;arrivo della mostra ad Izmir, dopo Milano, San Francisco, Skopje, Pri\u0161tina, Tirana, Seattle , Tallin, Belgrado e Zagabria in un tour internazionale promosso dal Ministero degli Affari Esteri e della Cooperazione Internazionale.<br \/>\nQuesto racconto simbolico sulla crescita, la maturazione, l\u2019evoluzione verso la consapevolezza di s\u00e9 si trasforma in un gioco con forme geometriche che prendono la sagoma di nuovi oggetti ispirati al personaggio di Pinocchio.<br \/>\nGrazie alla Grande Municipalit\u00e0 di Izmir che ospita la mostra nella galleria d&#8217;arte della principale stazione metropolitana di Konak, un ampio pubblico potr\u00e0 gratuitamente scoprire tutta l\u2019immaginazione, giocosit\u00e0, bellezza e raffinatezza del design italiano attraverso 62 progetti inediti.<br \/>\nLa mostra sar\u00e0 disponibile dal 3 gennaio al 28 febbraio presso Konak Metro Sanat Galerisi, mentre dal 1 marzo sar\u00e0 transferita al centro d&#8217;arte Inspera Bodrum K\u00fclt\u00fcr Sanat raggiungendo anche il pubblico di Bodrum, prima di andare ad Istanbul.<br \/>\nSi ringraziano anche le aziende e privati che hanno fornito un contributo per realizzare questa mostra mostrando una vicinanza alla cultura italiana e alla citt\u00e0 di Izmir: Eldor, Food port, Ceyhun Balcio\u011flu , Kilic, YapiKredi, EM Elektromekanik.<\/p>\n","protected":false},"excerpt":{"rendered":"Il Consolato d&#8217;Italia ad Izmir presenta alla citt\u00e0 una nuova mostra di design dedicata al famoso Pinocchio, una storia su come i designer italiani hanno interpretato questo personaggio letterario. La mostra \u201cCarissimo Pinocchio\u201d \u00e8 stata realizzata dall\u2019ADI Design Museum di Milano nel 2023 in occasione dei 140 anni dalla prima edizione de \u201cLe avventure di [&hellip;]","protected":false},"author":6,"featured_media":2916,"comment_status":"closed","ping_status":"closed","sticky":false,"template":"","format":"standard","meta":{"footnotes":""},"tags":[],"class_list":["post-2915","post","type-post","status-publish","format-standard","has-post-thumbnail","hentry"],"_links":{"self":[{"href":"https:\/\/consizmir.esteri.it\/it\/wp-json\/wp\/v2\/posts\/2915","targetHints":{"allow":["GET"]}}],"collection":[{"href":"https:\/\/consizmir.esteri.it\/it\/wp-json\/wp\/v2\/posts"}],"about":[{"href":"https:\/\/consizmir.esteri.it\/it\/wp-json\/wp\/v2\/types\/post"}],"author":[{"embeddable":true,"href":"https:\/\/consizmir.esteri.it\/it\/wp-json\/wp\/v2\/users\/6"}],"replies":[{"embeddable":true,"href":"https:\/\/consizmir.esteri.it\/it\/wp-json\/wp\/v2\/comments?post=2915"}],"version-history":[{"count":2,"href":"https:\/\/consizmir.esteri.it\/it\/wp-json\/wp\/v2\/posts\/2915\/revisions"}],"predecessor-version":[{"id":2931,"href":"https:\/\/consizmir.esteri.it\/it\/wp-json\/wp\/v2\/posts\/2915\/revisions\/2931"}],"wp:featuredmedia":[{"embeddable":true,"href":"https:\/\/consizmir.esteri.it\/it\/wp-json\/wp\/v2\/media\/2916"}],"wp:attachment":[{"href":"https:\/\/consizmir.esteri.it\/it\/wp-json\/wp\/v2\/media?parent=2915"}],"wp:term":[{"taxonomy":"post_tag","embeddable":true,"href":"https:\/\/consizmir.esteri.it\/it\/wp-json\/wp\/v2\/tags?post=2915"}],"curies":[{"name":"wp","href":"https:\/\/api.w.org\/{rel}","templated":true}]}}