{"id":3220,"date":"2025-03-11T17:00:55","date_gmt":"2025-03-11T17:00:55","guid":{"rendered":"https:\/\/consizmir.esteri.it\/?p=3220"},"modified":"2025-03-19T07:39:24","modified_gmt":"2025-03-19T07:39:24","slug":"visita-alla-scuola-isikkent-egitim-kampusu","status":"publish","type":"post","link":"https:\/\/consizmir.esteri.it\/it\/news\/dal_consolato\/2025\/03\/visita-alla-scuola-isikkent-egitim-kampusu\/","title":{"rendered":"Visita alla scuola I\u015f\u0131kkent E\u011fitim Kamp\u00fcs\u00fc"},"content":{"rendered":"<p>Il Console ha visitato la scuola @isikkent di Izmir, una delle migliori in tutta la regione egea, per sviluppare nuove collaborazioni a favore degli studenti. In particolare il Consolato e la Scuola approfondiranno la possibilit\u00e0 di introdurre la lingua italiana nel curriculum dal prossimo anno accademico.<\/p>\n","protected":false},"excerpt":{"rendered":"Il Console ha visitato la scuola @isikkent di Izmir, una delle migliori in tutta la regione egea, per sviluppare nuove collaborazioni a favore degli studenti. In particolare il Consolato e la Scuola approfondiranno la possibilit\u00e0 di introdurre la lingua italiana nel curriculum dal prossimo anno accademico.","protected":false},"author":6,"featured_media":3222,"comment_status":"closed","ping_status":"closed","sticky":false,"template":"","format":"standard","meta":{"footnotes":""},"tags":[],"class_list":["post-3220","post","type-post","status-publish","format-standard","has-post-thumbnail","hentry"],"_links":{"self":[{"href":"https:\/\/consizmir.esteri.it\/it\/wp-json\/wp\/v2\/posts\/3220","targetHints":{"allow":["GET"]}}],"collection":[{"href":"https:\/\/consizmir.esteri.it\/it\/wp-json\/wp\/v2\/posts"}],"about":[{"href":"https:\/\/consizmir.esteri.it\/it\/wp-json\/wp\/v2\/types\/post"}],"author":[{"embeddable":true,"href":"https:\/\/consizmir.esteri.it\/it\/wp-json\/wp\/v2\/users\/6"}],"replies":[{"embeddable":true,"href":"https:\/\/consizmir.esteri.it\/it\/wp-json\/wp\/v2\/comments?post=3220"}],"version-history":[{"count":1,"href":"https:\/\/consizmir.esteri.it\/it\/wp-json\/wp\/v2\/posts\/3220\/revisions"}],"predecessor-version":[{"id":3239,"href":"https:\/\/consizmir.esteri.it\/it\/wp-json\/wp\/v2\/posts\/3220\/revisions\/3239"}],"wp:featuredmedia":[{"embeddable":true,"href":"https:\/\/consizmir.esteri.it\/it\/wp-json\/wp\/v2\/media\/3222"}],"wp:attachment":[{"href":"https:\/\/consizmir.esteri.it\/it\/wp-json\/wp\/v2\/media?parent=3220"}],"wp:term":[{"taxonomy":"post_tag","embeddable":true,"href":"https:\/\/consizmir.esteri.it\/it\/wp-json\/wp\/v2\/tags?post=3220"}],"curies":[{"name":"wp","href":"https:\/\/api.w.org\/{rel}","templated":true}]}}