{"id":3368,"date":"2025-04-11T15:30:20","date_gmt":"2025-04-11T15:30:20","guid":{"rendered":"https:\/\/consizmir.esteri.it\/?p=3368"},"modified":"2025-04-14T10:36:50","modified_gmt":"2025-04-14T10:36:50","slug":"festival-della-creativita-italiana-ad-izmir","status":"publish","type":"post","link":"https:\/\/consizmir.esteri.it\/it\/news\/dal_consolato\/2025\/04\/festival-della-creativita-italiana-ad-izmir\/","title":{"rendered":"Festival della creativit\u00e0 italiana ad Izmir"},"content":{"rendered":"<p>Per la prima volta Izmir ospiter\u00e0 un Festival della Creativit\u00e0 italiana, grazie alla collaborazione tra il Consolato d&#8217;Italia ad Izmir con l&#8217;Universit\u00e0 Izmir Ekonomics. Organizzato come parte del progetto &#8220;Create in Izmir&#8221; dell&#8217;Universit\u00e0 Izmir Ekonomics, questa sesta edizione del &#8220;Genc Yaratici Fest 2025&#8221; \u00e8 intitolata &#8220;Viva Creativit\u00e0&#8221; e si focalizza sulla prospettiva della creativit\u00e0 italiana e turca, nell&#8217;ambito del nuovo Festival della Creativit\u00e0 italiana in Turchia e realizzato nel giorno del Made in Italy Day. Questa edizione internazionale si focalizza sulla creativit\u00e0 nelle sue varie forme: idee innovative che plasmano il futuro delle industrie, pratiche di design sostenibile, collaborazioni intrasettoriali. Con la partecipazione di accademici, designers e professionisti dell&#8217;industria della Turchia e dall&#8217;Italia, l&#8217;evento della durata di due giorni esplorer\u00e0 le soluzioni creative in diverse aree della gastronomia, design, fashion, tecnologia e imprenditorialit\u00e0.<\/p>\n<p>Il primo giorno, 15 aprile, \u00e8 intitolato &#8220;Gastro Tourism Ideathon&#8221; e si apre con la gastronomia per sviluppare soluzioni creative che uniscano la ricchezza culinaria italiana e turca nell&#8217;ambito della promozione turistica. Ospite d&#8217;onore sar\u00e0 lo Chef Claudio Chinali, direttore di Eataly di Istanbul.<\/p>\n<p>Il secondo giorno, 16 aprile, denominato &#8220;Creative Bridges: Italy &amp; T\u00fcrkiye in Design&#8221; si apre con il discorso principale del prof. Lorenzo Imbesi, Presidente della Societ\u00e0 italiana di design, per proseguire con quattro sessioni tematiche su ecosistemi creativi, moda sostenibile, ruolo dell&#8217;universit\u00e0 nell&#8217;innovazione e ruolo del business. Tra gli ospiti italiani ci saranno due esperti del nuovo Hub di Innovazione di San Giovanni Teduccio dell&#8217;Universit\u00e0 di Napoli, un hub che raccoglie i giganti dell&#8217;high-tech in Italia e ha promosso una rivalorizzazione urbana nella citt\u00e0 di Napoli; l&#8217;azienda Argotech, una dei leader nel settore spazio; il Presidente della Camera di commercio italiana di Izmir, Pietro Alba, che unisce il suo ruolo istituzionale alla figura di imprenditore di successo spostato dall&#8217;Italia ad Izmir; il designer di moda, Biaggio Galotti; i fondatori del gruppo isola design di Milano; due professoresse dell&#8217;Istituto di design di Matera.<\/p>\n","protected":false},"excerpt":{"rendered":"Per la prima volta Izmir ospiter\u00e0 un Festival della Creativit\u00e0 italiana, grazie alla collaborazione tra il Consolato d&#8217;Italia ad Izmir con l&#8217;Universit\u00e0 Izmir Ekonomics. Organizzato come parte del progetto &#8220;Create in Izmir&#8221; dell&#8217;Universit\u00e0 Izmir Ekonomics, questa sesta edizione del &#8220;Genc Yaratici Fest 2025&#8221; \u00e8 intitolata &#8220;Viva Creativit\u00e0&#8221; e si focalizza sulla prospettiva della creativit\u00e0 italiana [&hellip;]","protected":false},"author":6,"featured_media":3369,"comment_status":"closed","ping_status":"closed","sticky":false,"template":"","format":"standard","meta":{"footnotes":""},"tags":[],"class_list":["post-3368","post","type-post","status-publish","format-standard","has-post-thumbnail","hentry"],"_links":{"self":[{"href":"https:\/\/consizmir.esteri.it\/it\/wp-json\/wp\/v2\/posts\/3368","targetHints":{"allow":["GET"]}}],"collection":[{"href":"https:\/\/consizmir.esteri.it\/it\/wp-json\/wp\/v2\/posts"}],"about":[{"href":"https:\/\/consizmir.esteri.it\/it\/wp-json\/wp\/v2\/types\/post"}],"author":[{"embeddable":true,"href":"https:\/\/consizmir.esteri.it\/it\/wp-json\/wp\/v2\/users\/6"}],"replies":[{"embeddable":true,"href":"https:\/\/consizmir.esteri.it\/it\/wp-json\/wp\/v2\/comments?post=3368"}],"version-history":[{"count":1,"href":"https:\/\/consizmir.esteri.it\/it\/wp-json\/wp\/v2\/posts\/3368\/revisions"}],"predecessor-version":[{"id":3381,"href":"https:\/\/consizmir.esteri.it\/it\/wp-json\/wp\/v2\/posts\/3368\/revisions\/3381"}],"wp:featuredmedia":[{"embeddable":true,"href":"https:\/\/consizmir.esteri.it\/it\/wp-json\/wp\/v2\/media\/3369"}],"wp:attachment":[{"href":"https:\/\/consizmir.esteri.it\/it\/wp-json\/wp\/v2\/media?parent=3368"}],"wp:term":[{"taxonomy":"post_tag","embeddable":true,"href":"https:\/\/consizmir.esteri.it\/it\/wp-json\/wp\/v2\/tags?post=3368"}],"curies":[{"name":"wp","href":"https:\/\/api.w.org\/{rel}","templated":true}]}}