{"id":4366,"date":"2026-03-09T12:32:27","date_gmt":"2026-03-09T12:32:27","guid":{"rendered":"https:\/\/consizmir.esteri.it\/?p=4366"},"modified":"2026-03-09T12:45:22","modified_gmt":"2026-03-09T12:45:22","slug":"una-panchina-rossa-contro-i-femminicidi","status":"publish","type":"post","link":"https:\/\/consizmir.esteri.it\/it\/news\/dal_consolato\/2026\/03\/una-panchina-rossa-contro-i-femminicidi\/","title":{"rendered":"Una panchina rossa contro i femminicidi"},"content":{"rendered":"<p>Il giorno 8 marzo, in occasione della Festa internazionale della Donna, il Consolato insieme al Municipio metropolitano di Izmir hanno installato due panchine rosse nel centro del principale parco cittadino K\u00fclt\u00fcrpark con la partecipazione del Sindaco metropolitano, Dr. Cemil Tugay, e del Console d\u2019Italia Daniele Bianchi.<\/p>\n<p>La panchina rossa \u00e8 simbolo della lotta contro ogni forma di violenza e di discriminazione contro le donne a ricordare il posto vuoto lasciato nella societ\u00e0 da una donna vittima di femminicidio, come recita la targa commemorativa.\u00a0 L\u2019iniziativa si inserisce nell\u2019ambito di una campagna promossa dal vicepresidente del Consiglio e ministro degli Esteri, Antonio Tajani, in tutte le rappresentanze diplomatiche italiane nel mondo. L\u2019obiettivo, ha ricordato il Console, \u00e8 \u201cpromuovere una maggiore consapevolezza dell\u2019importanza di prevenire e contrastare ogni forma di violenza e a danno delle donne e dare un tributo alle vite perdute di uno dei crimini pi\u00f9 odiosi\u201d, ringraziando il Sindaco per la sua personale partecipazione e anche il Comune per la straordinaria sensibilit\u00e0. \u00a0Il Sindaco da parte sua ha sottolineato la necessit\u00e0 di rafforzare la sicurezza, il contrasto e la consapevolezza nella citt\u00e0, che ha gi\u00e0 raggiunto importanti traguardi, rimarcando come il Comune \u00e8 al centro di un\u2019attiva iniziativa, ringraziando il Consolato per la collaborazione.<\/p>\n<p>Il giorno seguente, 9 marzo, il Console ha inaugurato una panchina rossa anche nella sede consolare sita ad Heris Tower, insieme al proprietario Cem Heris.<\/p>\n<p>Qui i link ad alcune notizie da stampa locale: <a href=\"https:\/\/www.cumhuriyet.com.tr\/cumhuriyet-in-egesi\/izmir-den-siddete-karsi-guclu-mesaj-kirmizi-bank-2485156\">Cumhuriyet<\/a>, <a href=\"https:\/\/www.izmir.bel.tr\/tr\/Haberler\/izmir-den-siddete-karsi-guclu-mesaj-kirmizi-bank\/58096\/156\">La Municipalit\u00e0 di citt\u00e0 Metropolitana di Izmir<\/a>.<\/p>\n","protected":false},"excerpt":{"rendered":"Il giorno 8 marzo, in occasione della Festa internazionale della Donna, il Consolato insieme al Municipio metropolitano di Izmir hanno installato due panchine rosse nel centro del principale parco cittadino K\u00fclt\u00fcrpark con la partecipazione del Sindaco metropolitano, Dr. Cemil Tugay, e del Console d\u2019Italia Daniele Bianchi. La panchina rossa \u00e8 simbolo della lotta contro ogni [&hellip;]","protected":false},"author":15,"featured_media":4393,"comment_status":"closed","ping_status":"closed","sticky":false,"template":"","format":"standard","meta":{"footnotes":""},"tags":[],"class_list":["post-4366","post","type-post","status-publish","format-standard","has-post-thumbnail","hentry"],"_links":{"self":[{"href":"https:\/\/consizmir.esteri.it\/it\/wp-json\/wp\/v2\/posts\/4366","targetHints":{"allow":["GET"]}}],"collection":[{"href":"https:\/\/consizmir.esteri.it\/it\/wp-json\/wp\/v2\/posts"}],"about":[{"href":"https:\/\/consizmir.esteri.it\/it\/wp-json\/wp\/v2\/types\/post"}],"author":[{"embeddable":true,"href":"https:\/\/consizmir.esteri.it\/it\/wp-json\/wp\/v2\/users\/15"}],"replies":[{"embeddable":true,"href":"https:\/\/consizmir.esteri.it\/it\/wp-json\/wp\/v2\/comments?post=4366"}],"version-history":[{"count":2,"href":"https:\/\/consizmir.esteri.it\/it\/wp-json\/wp\/v2\/posts\/4366\/revisions"}],"predecessor-version":[{"id":4412,"href":"https:\/\/consizmir.esteri.it\/it\/wp-json\/wp\/v2\/posts\/4366\/revisions\/4412"}],"wp:featuredmedia":[{"embeddable":true,"href":"https:\/\/consizmir.esteri.it\/it\/wp-json\/wp\/v2\/media\/4393"}],"wp:attachment":[{"href":"https:\/\/consizmir.esteri.it\/it\/wp-json\/wp\/v2\/media?parent=4366"}],"wp:term":[{"taxonomy":"post_tag","embeddable":true,"href":"https:\/\/consizmir.esteri.it\/it\/wp-json\/wp\/v2\/tags?post=4366"}],"curies":[{"name":"wp","href":"https:\/\/api.w.org\/{rel}","templated":true}]}}