{"id":935,"date":"2016-10-03T11:59:46","date_gmt":"2016-10-03T11:59:46","guid":{"rendered":"https:\/\/consizmir.esteri.it\/news\/dal_consolato\/2016\/10\/evento-italiani-a-izmir-storia\/"},"modified":"2016-10-03T11:59:46","modified_gmt":"2016-10-03T11:59:46","slug":"evento-italiani-a-izmir-storia","status":"publish","type":"post","link":"https:\/\/consizmir.esteri.it\/it\/news\/dal_consolato\/2016\/10\/evento-italiani-a-izmir-storia\/","title":{"rendered":"Evento &#8220;Italiani a Izmir: storia, attualit\u00e0 e prospettive della presenza italiana nella regione egea&#8221;."},"content":{"rendered":"<p style=\"text-align: justify;\">Si \u00e8 svolta lo scorso 26 febbraio, a Smirne, la manifestazione \u201cItaliani a Izmir: storia, attualit\u00e0 e prospettive della presenza italiana nella regione egea\u201d. Organizzata dal Comites di Izmir con il supporto attivo del Consolato d\u2019Italia e dell\u2019Universit\u00e0 Egea di Izmir, sotto il Patrocinio del Comune metropolitano di Izmir e nell\u2019ambito della programmazione culturale dell\u2019Ambasciata ad Ankara \u201cOrizzonti italiani\u201d, l\u2019iniziativa ha mirato a realizzare i primi \u201cstati generali\u201d della presenza italiana nella regione egea,\u00a0mettendo a confronto la secolare e straordinaria \u201cStoria\u201d della comunit\u00e0 levantina con le \u201cstorie\u201d dei connazionali di pi\u00f9 recente arrivo. A tal fine, \u00e8 stato predisposto un ricco programma di interventi, moderati dal giornalista di Radio 24 Sergio Nava.<\/p>\n<p style=\"text-align: justify;\">Ad alternarsi sul palco esponenti delle Istituzioni italiane in citt\u00e0, della comunit\u00e0 levantina, delle Universit\u00e0 locali, nonch\u00e9 rappresentanti italiani del mondo della cultura, della scuola e dell\u2019imprenditoria che hanno trovato in Smirne la loro citt\u00e0 di adozione.<\/p>\n<p style=\"text-align: justify;\">\u00a0<\/p>\n","protected":false},"excerpt":{"rendered":"Si \u00e8 svolta lo scorso 26 febbraio, a Smirne, la manifestazione \u201cItaliani a Izmir: storia, attualit\u00e0 e prospettive della presenza italiana nella regione egea\u201d. Organizzata dal Comites di Izmir con il supporto attivo del Consolato d\u2019Italia e dell\u2019Universit\u00e0 Egea di Izmir, sotto il Patrocinio del Comune metropolitano di Izmir e nell\u2019ambito della programmazione culturale dell\u2019Ambasciata [&hellip;]","protected":false},"author":2,"featured_media":0,"comment_status":"","ping_status":"","sticky":false,"template":"","format":"standard","meta":{"footnotes":""},"tags":[],"class_list":["post-935","post","type-post","status-publish","format-standard","hentry"],"_links":{"self":[{"href":"https:\/\/consizmir.esteri.it\/it\/wp-json\/wp\/v2\/posts\/935","targetHints":{"allow":["GET"]}}],"collection":[{"href":"https:\/\/consizmir.esteri.it\/it\/wp-json\/wp\/v2\/posts"}],"about":[{"href":"https:\/\/consizmir.esteri.it\/it\/wp-json\/wp\/v2\/types\/post"}],"author":[{"embeddable":true,"href":"https:\/\/consizmir.esteri.it\/it\/wp-json\/wp\/v2\/users\/2"}],"replies":[{"embeddable":true,"href":"https:\/\/consizmir.esteri.it\/it\/wp-json\/wp\/v2\/comments?post=935"}],"version-history":[{"count":0,"href":"https:\/\/consizmir.esteri.it\/it\/wp-json\/wp\/v2\/posts\/935\/revisions"}],"wp:attachment":[{"href":"https:\/\/consizmir.esteri.it\/it\/wp-json\/wp\/v2\/media?parent=935"}],"wp:term":[{"taxonomy":"post_tag","embeddable":true,"href":"https:\/\/consizmir.esteri.it\/it\/wp-json\/wp\/v2\/tags?post=935"}],"curies":[{"name":"wp","href":"https:\/\/api.w.org\/{rel}","templated":true}]}}