{"id":937,"date":"2016-09-30T09:58:56","date_gmt":"2016-09-30T09:58:56","guid":{"rendered":"https:\/\/consizmir.esteri.it\/news\/dal_consolato\/2016\/09\/visita-del-console-al-governatore_0\/"},"modified":"2016-09-30T09:58:56","modified_gmt":"2016-09-30T09:58:56","slug":"visita-del-console-al-governatore_0","status":"publish","type":"post","link":"https:\/\/consizmir.esteri.it\/it\/news\/dal_consolato\/2016\/09\/visita-del-console-al-governatore_0\/","title":{"rendered":"Visita del Console al Governatore di Manisa"},"content":{"rendered":"<p>Si \u00e8 svolto lo scorso 23 settembre l&#8217;incontro tra il Console Iannuzzi ed il nuovo Governatore di Manisa, Hakan G\u00fcven\u00e7er.<\/p>\n<p>Nell&#8217;occasione la FERRERO &#8211; rappresentata da una delegazione capeggiata da Carlo Marsili, Presidente per la Turchia dell&#8217;azienda italiana &#8211; ha illustrato i progetti di utilita&#8217; sociale che intende realizzare a beneficio della provincia e dei cittadini di Manisa. In questa citt\u00e0, infatti, FERRERO ha realizzato un importante investimento inaugurando nel 2013 un moderno stabilimento industriale.<\/p>\n<p>Nel corso dell&#8217;incontro sono stati sottolineati i tradizionali legami tra l&#8217;Italia e la Regione egea e i numerosi settori in cui \u00e8 in atto una fruttuosa cooperazione tra Italia e Turchia, qui particolarmente visibile grazie all&#8217;ingente numero di aziende italiane che hanno deciso di aprire proprie filiali o stabilimenti a Manisa.<\/p>\n","protected":false},"excerpt":{"rendered":"Si \u00e8 svolto lo scorso 23 settembre l&#8217;incontro tra il Console Iannuzzi ed il nuovo Governatore di Manisa, Hakan G\u00fcven\u00e7er. Nell&#8217;occasione la FERRERO &#8211; rappresentata da una delegazione capeggiata da Carlo Marsili, Presidente per la Turchia dell&#8217;azienda italiana &#8211; ha illustrato i progetti di utilita&#8217; sociale che intende realizzare a beneficio della provincia e dei [&hellip;]","protected":false},"author":2,"featured_media":0,"comment_status":"","ping_status":"","sticky":false,"template":"","format":"standard","meta":{"footnotes":""},"tags":[],"class_list":["post-937","post","type-post","status-publish","format-standard","hentry"],"_links":{"self":[{"href":"https:\/\/consizmir.esteri.it\/it\/wp-json\/wp\/v2\/posts\/937","targetHints":{"allow":["GET"]}}],"collection":[{"href":"https:\/\/consizmir.esteri.it\/it\/wp-json\/wp\/v2\/posts"}],"about":[{"href":"https:\/\/consizmir.esteri.it\/it\/wp-json\/wp\/v2\/types\/post"}],"author":[{"embeddable":true,"href":"https:\/\/consizmir.esteri.it\/it\/wp-json\/wp\/v2\/users\/2"}],"replies":[{"embeddable":true,"href":"https:\/\/consizmir.esteri.it\/it\/wp-json\/wp\/v2\/comments?post=937"}],"version-history":[{"count":0,"href":"https:\/\/consizmir.esteri.it\/it\/wp-json\/wp\/v2\/posts\/937\/revisions"}],"wp:attachment":[{"href":"https:\/\/consizmir.esteri.it\/it\/wp-json\/wp\/v2\/media?parent=937"}],"wp:term":[{"taxonomy":"post_tag","embeddable":true,"href":"https:\/\/consizmir.esteri.it\/it\/wp-json\/wp\/v2\/tags?post=937"}],"curies":[{"name":"wp","href":"https:\/\/api.w.org\/{rel}","templated":true}]}}