{"id":958,"date":"2016-04-06T07:04:57","date_gmt":"2016-04-06T07:04:57","guid":{"rendered":"https:\/\/consizmir.esteri.it\/news\/dal_consolato\/2016\/04\/preiscrizioneuniversita\/"},"modified":"2016-04-06T07:04:57","modified_gmt":"2016-04-06T07:04:57","slug":"preiscrizioneuniversita","status":"publish","type":"post","link":"https:\/\/consizmir.esteri.it\/it\/news\/dal_consolato\/2016\/04\/preiscrizioneuniversita\/","title":{"rendered":"Preiscrizoni universitarie a.a. 2016\/2017 per gli studenti stranieri"},"content":{"rendered":"<p><P>Sono aperte le pre-iscrizioni presso le Universit\u00e0 italiane per l\u2019A.A. 2016\/2017 riservate agli studenti stranieri.<BR>Gli studenti interessati potranno completare le procedure per le pre-iscrizioni fino al 7 luglio 2016 presso\u00a0Il Consolato d&#8217;Italia in Izmir nei seguenti orari e solo previo appuntamento:<BR><BR>Lunedi&#8217; 10:00-12:00<BR>Marted\u00ec 10:00-12:00<BR>Mercoled\u00ec 10:00-12:00 e 14:00-16:00<BR>Gioved\u00ec 10:00-12:00 <BR>Venerdi&#8217; 10:00-12:00<BR><BR><BR>Per maggiori informazioni consultare il sito: <A href=\"http:\/\/www.studiare-in-italia.it\/studentistranieri\/\">http:\/\/www.studiare-in-italia.it\/studentistranieri\/<\/A><BR><\/P><\/p>\n","protected":false},"excerpt":{"rendered":"Sono aperte le pre-iscrizioni presso le Universit\u00e0 italiane per l\u2019A.A. 2016\/2017 riservate agli studenti stranieri.Gli studenti interessati potranno completare le procedure per le pre-iscrizioni fino al 7 luglio 2016 presso\u00a0Il Consolato d&#8217;Italia in Izmir nei seguenti orari e solo previo appuntamento:Lunedi&#8217; 10:00-12:00Marted\u00ec 10:00-12:00Mercoled\u00ec 10:00-12:00 e 14:00-16:00Gioved\u00ec 10:00-12:00 Venerdi&#8217; 10:00-12:00Per maggiori informazioni consultare il sito: http:\/\/www.studiare-in-italia.it\/studentistranieri\/","protected":false},"author":2,"featured_media":0,"comment_status":"","ping_status":"","sticky":false,"template":"","format":"standard","meta":{"footnotes":""},"tags":[],"class_list":["post-958","post","type-post","status-publish","format-standard","hentry"],"_links":{"self":[{"href":"https:\/\/consizmir.esteri.it\/it\/wp-json\/wp\/v2\/posts\/958","targetHints":{"allow":["GET"]}}],"collection":[{"href":"https:\/\/consizmir.esteri.it\/it\/wp-json\/wp\/v2\/posts"}],"about":[{"href":"https:\/\/consizmir.esteri.it\/it\/wp-json\/wp\/v2\/types\/post"}],"author":[{"embeddable":true,"href":"https:\/\/consizmir.esteri.it\/it\/wp-json\/wp\/v2\/users\/2"}],"replies":[{"embeddable":true,"href":"https:\/\/consizmir.esteri.it\/it\/wp-json\/wp\/v2\/comments?post=958"}],"version-history":[{"count":0,"href":"https:\/\/consizmir.esteri.it\/it\/wp-json\/wp\/v2\/posts\/958\/revisions"}],"wp:attachment":[{"href":"https:\/\/consizmir.esteri.it\/it\/wp-json\/wp\/v2\/media?parent=958"}],"wp:term":[{"taxonomy":"post_tag","embeddable":true,"href":"https:\/\/consizmir.esteri.it\/it\/wp-json\/wp\/v2\/tags?post=958"}],"curies":[{"name":"wp","href":"https:\/\/api.w.org\/{rel}","templated":true}]}}