{"id":966,"date":"2016-02-03T07:58:15","date_gmt":"2016-02-03T07:58:15","guid":{"rendered":"https:\/\/consizmir.esteri.it\/news\/dal_consolato\/2016\/02\/avvisoassunzione\/"},"modified":"2016-02-03T07:58:15","modified_gmt":"2016-02-03T07:58:15","slug":"avvisoassunzione","status":"publish","type":"post","link":"https:\/\/consizmir.esteri.it\/it\/news\/dal_consolato\/2016\/02\/avvisoassunzione\/","title":{"rendered":"iZM\u0130R iTALYA kONSOLOSLU\u011eU S\u00d6ZLE\u015eMEL\u0130 MEMUR \u0130\u015eE ALIM \u0130LANI"},"content":{"rendered":"<p><P>\u0130zmir \u0130talya Konsoloslu\u011fu,\u00a01 (bir) adet S\u00f6zle\u015fmeli Personel pozisyonuna s\u0131navla eleman al\u0131naca\u011f\u0131n\u0131 duyurur. <BR><BR>Ayr\u0131nt\u0131l\u0131 bilgi i\u00e7in: <A href=\"\/resource\/2016\/02\/79513_f_cons57Avviso.pdf\">Duyuru<\/A>\u00a0; <A href=\"\/resource\/2016\/02\/79514_f_cons57Modellodomanda.pdf\">Ba\u015fvuru Formu<\/A><\/P><\/p>\n","protected":false},"excerpt":{"rendered":"\u0130zmir \u0130talya Konsoloslu\u011fu,\u00a01 (bir) adet S\u00f6zle\u015fmeli Personel pozisyonuna s\u0131navla eleman al\u0131naca\u011f\u0131n\u0131 duyurur. Ayr\u0131nt\u0131l\u0131 bilgi i\u00e7in: Duyuru\u00a0; Ba\u015fvuru Formu","protected":false},"author":2,"featured_media":0,"comment_status":"","ping_status":"","sticky":false,"template":"","format":"standard","meta":{"footnotes":""},"tags":[],"class_list":["post-966","post","type-post","status-publish","format-standard","hentry"],"_links":{"self":[{"href":"https:\/\/consizmir.esteri.it\/it\/wp-json\/wp\/v2\/posts\/966","targetHints":{"allow":["GET"]}}],"collection":[{"href":"https:\/\/consizmir.esteri.it\/it\/wp-json\/wp\/v2\/posts"}],"about":[{"href":"https:\/\/consizmir.esteri.it\/it\/wp-json\/wp\/v2\/types\/post"}],"author":[{"embeddable":true,"href":"https:\/\/consizmir.esteri.it\/it\/wp-json\/wp\/v2\/users\/2"}],"replies":[{"embeddable":true,"href":"https:\/\/consizmir.esteri.it\/it\/wp-json\/wp\/v2\/comments?post=966"}],"version-history":[{"count":0,"href":"https:\/\/consizmir.esteri.it\/it\/wp-json\/wp\/v2\/posts\/966\/revisions"}],"wp:attachment":[{"href":"https:\/\/consizmir.esteri.it\/it\/wp-json\/wp\/v2\/media?parent=966"}],"wp:term":[{"taxonomy":"post_tag","embeddable":true,"href":"https:\/\/consizmir.esteri.it\/it\/wp-json\/wp\/v2\/tags?post=966"}],"curies":[{"name":"wp","href":"https:\/\/api.w.org\/{rel}","templated":true}]}}