{"id":989,"date":"2013-01-15T08:49:50","date_gmt":"2013-01-15T08:49:50","guid":{"rendered":"https:\/\/consizmir.esteri.it\/news\/dal_consolato\/2013\/01\/elez\/"},"modified":"2013-01-15T08:49:50","modified_gmt":"2013-01-15T08:49:50","slug":"elez","status":"publish","type":"post","link":"https:\/\/consizmir.esteri.it\/it\/news\/dal_consolato\/2013\/01\/elez\/","title":{"rendered":"Elezioni Politiche 2013"},"content":{"rendered":"<p><P id=\"phNewsTxtTitolo\"><DIV dir=\"ltr\" id=\"phNewsTxtTitolo\"><STRONG>Elezioni politiche 2013 &#8211; Voto per corrispondenza ed esercizio del diritto di opzione<\/STRONG><\/DIV><br \/>\n<BLOCKQUOTE style=\"MARGIN-RIGHT: 0px\" dir=\"ltr\"><br \/>\n<P><\/P><br \/>\n<P id=\"phNewsTxtData\">\u00a0<\/P><br \/>\n<P style=\"MARGIN-RIGHT: 0px\" dir=\"ltr\" class=\"corpoPagina\">Nel corso del 2013 si svolgeranno le elezioni per il rinnovo del Parlamento italiano, che vedranno coinvolti anche i cittadini italiani residenti all\u2019estero, chiamati ad eleggere i propri rappresentanti alla Camera dei Deputati e al Senato della Repubblica, votando per i candidati che si presentano nella Circoscrizione estero. Si ricorda che il\u00a0voto \u00e8 un\u00a0diritto tutelato dalla Costituzione Italiana e che, in base alla Legge 27 dicembre 2001, n.459, i cittadini italiani residenti all\u2019estero, iscritti nelle liste elettorali della circoscrizione estero, possono <SPAN style=\"TEXT-DECORATION: underline\">votare per posta<\/SPAN>. A tal fine, si raccomanda di controllare e regolarizzare la propria situazione anagrafica (iscrizione all&#8217;AIRE) e di indirizzo presso\u00a0l&#8217;Ufficio Consolare\u00a0\u00a0(<A title=\"consolare.ambankara@esteri.it\" href=\"mailto:consolato.izmir@esteri.it\"><FONT color=\"#0854a4\">consolato.izmir@esteri.it<\/FONT><\/A>).\u00a0 <\/P><br \/>\n<P style=\"MARGIN-RIGHT: 0px\" dir=\"ltr\" class=\"corpoPagina\"><BR>E\u2019\u00a0possibile, in alternativa,\u00a0scegliere di <SPAN style=\"TEXT-DECORATION: underline\">votare in Italia presso il proprio Comune<\/SPAN>, comunicando per iscritto la propria scelta (&#8220;opzione&#8221;) all&#8217;Ufficio Consolare\u00a0entro i termini di legge. L&#8217;opzione vale solo per una consultazione elettorale. Chi desidera votare in Italia in occasione delle elezioni politiche 2013 deve darne comunicazione scritta all&#8217;Ufficio Consolare dell&#8217;Ambasciata\u00a0entro il <SPAN style=\"TEXT-DECORATION: underline\">31 dicembre\u00a02012<\/SPAN>, utilizando l&#8217;apposito <A title=\"modulo\" href=\"\/resource\/2012\/11\/51936_f_cons57moduloopzione.doc\"><FONT color=\"#0854a4\">modulo<\/FONT><\/A>. <\/P><br \/>\n<P style=\"MARGIN-RIGHT: 0px\" dir=\"ltr\" class=\"corpoPagina\"><BR><SPAN style=\"FONT-FAMILY: Verdana; FONT-SIZE: 8pt; TEXT-DECORATION: none; mso-bidi-font-family: Arial; text-underline: none; mso-bidi-font-weight: bold\" lang=\"IT\">In caso intervenga uno scioglimento anticipato delle Camere, l\u2019opzione pu\u00f2 essere inviata o consegnata a mano entro il 10\u00b0 giorno successivo alla indizione delle votazioni.<\/SPAN> <SPAN style=\"FONT-FAMILY: Verdana; FONT-SIZE: 8pt; TEXT-DECORATION: none; mso-bidi-font-family: Arial; text-underline: none; mso-bidi-font-weight: bold\" lang=\"IT\"><\/SPAN>\u00a0 <\/P><br \/>\n<P style=\"MARGIN-RIGHT: 0px\" dir=\"ltr\" class=\"corpoPagina\"><SPAN style=\"FONT-FAMILY: Verdana; FONT-SIZE: 8pt; TEXT-DECORATION: none; mso-bidi-font-family: Arial; text-underline: none; mso-bidi-font-weight: bold\" lang=\"IT\"><\/SPAN><SPAN style=\"FONT-FAMILY: Verdana; FONT-SIZE: 8pt; TEXT-DECORATION: none; mso-bidi-font-family: Arial; text-underline: none; mso-bidi-font-weight: bold\" lang=\"IT\">In ogni caso l\u2019opzione deve pervenire all\u2019Ufficio Consolare\u00a0non oltre i 10 giorni successivi a quello dell&#8217;indizione delle elezioni. <\/SPAN><SPAN style=\"FONT-FAMILY: Verdana; FONT-SIZE: 8pt; TEXT-DECORATION: none; mso-bidi-font-family: Arial; text-underline: none\" lang=\"IT\">Tale comunicazione pu\u00f2 essere scritta su carta semplice e &#8211; per essere valida &#8211; deve contenere nome, cognome, data, luogo di nascita, luogo di residenza e <SPAN style=\"mso-bidi-font-weight: bold\">firma<\/SPAN> dell\u2019elettore (<A title=\"scarica il modulo\" href=\"\/resource\/2012\/11\/51937_f_cons57moduloopzione1.doc\"><FONT color=\"#0854a4\">scarica il modulo<\/FONT><\/A>). <\/SPAN><SPAN style=\"FONT-FAMILY: Verdana; FONT-SIZE: 8pt; TEXT-DECORATION: none; mso-bidi-font-family: Arial; text-underline: none\" lang=\"IT\">Se la dichiarazione non \u00e8 consegnata personalmente, dovr\u00e0 essere accompagnata da copia di un documento di identit\u00e0 del dichiarante.<\/SPAN> <SPAN style=\"FONT-FAMILY: Verdana; FONT-SIZE: 8pt; TEXT-DECORATION: none; mso-bidi-font-family: Arial; text-underline: none\" lang=\"IT\"><\/SPAN><SPAN style=\"FONT-FAMILY: Verdana; FONT-SIZE: 8pt; TEXT-DECORATION: none; mso-bidi-font-family: Arial; text-underline: none\" lang=\"IT\">Come prescritto dalla normativa vigente, <\/SPAN><SPAN style=\"FONT-FAMILY: Verdana; FONT-SIZE: 8pt; mso-bidi-font-family: Arial\" lang=\"IT\">sar\u00e0 cura degli elettori verificare che la comunicazione di opzione spedita per posta sia stata ricevuta<SPAN style=\"mso-spacerun: yes\">\u00a0<\/SPAN>in tempo utile dall&#8217;Ufficio Consolare<\/SPAN><SPAN style=\"FONT-FAMILY: Verdana; FONT-SIZE: 8pt; TEXT-DECORATION: none; mso-bidi-font-family: Arial; text-underline: none\" lang=\"IT\">. <\/SPAN><SPAN style=\"FONT-FAMILY: Verdana; FONT-SIZE: 8pt; TEXT-DECORATION: none; mso-bidi-font-family: Arial; text-underline: none\" lang=\"IT\"><\/SPAN>\u00a0 <\/P><br \/>\n<P style=\"MARGIN-RIGHT: 0px\" dir=\"ltr\" class=\"corpoPagina\"><SPAN style=\"FONT-FAMILY: Verdana; FONT-SIZE: 8pt; TEXT-DECORATION: none; mso-bidi-font-family: Arial; text-underline: none\" lang=\"IT\"><\/SPAN><SPAN style=\"FONT-FAMILY: Verdana; FONT-SIZE: 8pt; TEXT-DECORATION: none; mso-bidi-font-family: Arial; text-underline: none\" lang=\"IT\">Gli elettori che scelgono di votare in Italia in occasione delle prossime elezioni politiche, ricevono dai rispettivi Comuni italiani la cartolina (&#8220;avviso per votare&#8221;) presso i seggi elettorali in Italia\u00a0e votano\u00a0<SPAN style=\"mso-bidi-font-weight: bold\">per i candidati nelle circoscrizioni nazionali e non per quelli della Circoscrizione Estero.<\/SPAN><\/SPAN> <SPAN style=\"FONT-FAMILY: Verdana; FONT-SIZE: 8pt; TEXT-DECORATION: none; mso-bidi-font-family: Arial; text-underline: none\" lang=\"IT\"><SPAN style=\"mso-bidi-font-weight: bold\"><\/SPAN><\/SPAN>\u00a0 <\/P><br \/>\n<P style=\"MARGIN-RIGHT: 0px\" dir=\"ltr\" class=\"corpoPagina\"><SPAN style=\"FONT-FAMILY: Verdana; FONT-SIZE: 8pt; TEXT-DECORATION: none; mso-bidi-font-family: Arial; text-underline: none\" lang=\"IT\"><SPAN style=\"mso-bidi-font-weight: bold\"><\/SPAN><\/SPAN><SPAN style=\"FONT-FAMILY: Verdana; FONT-SIZE: 8pt; TEXT-DECORATION: none; mso-bidi-font-family: Arial; text-underline: none\" lang=\"IT\">Se si sceglie di rientrare in Italia per votare, la Legge\u00a0<SPAN style=\"TEXT-DECORATION: underline\">non<\/SPAN> prevede alcun tipo di <SPAN style=\"mso-bidi-font-weight: bold\">rimborso<\/SPAN> per le spese di viaggio sostenute, ma solo agevolazioni tariffarie all\u2019interno del territorio italiano.<\/SPAN> <SPAN style=\"FONT-FAMILY: Verdana; FONT-SIZE: 8pt; TEXT-DECORATION: none; mso-bidi-font-family: Arial; text-underline: none\" lang=\"IT\"><\/SPAN>\u00a0<\/P><br \/>\n<P style=\"MARGIN-RIGHT: 0px\" dir=\"ltr\" class=\"corpoPagina\">\u00a0<SPAN style=\"FONT-FAMILY: Verdana; FONT-SIZE: 8pt; TEXT-DECORATION: none; mso-bidi-font-family: Arial; text-underline: none\" lang=\"IT\"><\/SPAN><SPAN style=\"FONT-FAMILY: Verdana; FONT-SIZE: 8pt; TEXT-DECORATION: none; mso-bidi-font-family: Arial; text-underline: none\" lang=\"IT\">L&#8217;opzione di votare in Italia pu\u00f2 essere successivamente\u00a0<SPAN style=\"mso-bidi-font-weight: bold\"><SPAN style=\"TEXT-DECORATION: underline\">revocata<\/SPAN><\/SPAN> con una comunicazione scritta da inviare o consegnare all\u2019Ufficio Consolare con le stesse modalit\u00e0 ed <\/SPAN><SPAN style=\"FONT-FAMILY: Verdana; FONT-SIZE: 8pt; mso-bidi-font-family: Arial\" lang=\"IT\">entro gli stessi termini previsti per l\u2019esercizio dell\u2019opzione<\/SPAN><SPAN style=\"FONT-FAMILY: Verdana; FONT-SIZE: 8pt; TEXT-DECORATION: none; mso-bidi-font-family: Arial; text-underline: none\" lang=\"IT\">.<\/SPAN>\u00a0<SPAN style=\"FONT-FAMILY: Verdana; FONT-SIZE: 8pt; TEXT-DECORATION: none; mso-bidi-font-family: Arial; text-underline: none\" lang=\"IT\"><\/SPAN>\u00a0 <SPAN style=\"FONT-FAMILY: Verdana; FONT-SIZE: 8pt; TEXT-DECORATION: none; mso-bidi-font-family: Arial; text-underline: none\" lang=\"IT\"><\/SPAN><SPAN style=\"FONT-FAMILY: Verdana; FONT-SIZE: 8pt; TEXT-DECORATION: none; mso-bidi-font-family: Arial; text-underline: none; mso-bidi-font-weight: bold\" lang=\"IT\"><\/SPAN><\/P><br \/>\n<P style=\"MARGIN-RIGHT: 0px\" dir=\"ltr\" class=\"corpoPagina\"><SPAN style=\"FONT-FAMILY: Verdana; FONT-SIZE: 8pt; TEXT-DECORATION: none; mso-bidi-font-family: Arial; text-underline: none; mso-bidi-font-weight: bold\" lang=\"IT\">L&#8217;Ufficio Consolare \u00e8\u00a0a disposizione per ogni ulteriore chiarimento, all&#8217;indirizzo <A title=\"consolare.ambankara@esteri.it\" href=\"mailto:consolato.izmir@esteri.it\"><FONT color=\"#0854a4\">consolato.izmir@esteri.it<\/FONT><\/A>. <\/SPAN><SPAN style=\"FONT-FAMILY: Verdana; FONT-SIZE: 8pt; TEXT-DECORATION: none; mso-bidi-font-family: Arial; text-underline: none; mso-bidi-font-weight: bold\" lang=\"IT\"><\/SPAN>\u00a0 <SPAN style=\"FONT-FAMILY: Verdana; FONT-SIZE: 8pt; TEXT-DECORATION: none; mso-bidi-font-family: Arial; text-underline: none; mso-bidi-font-weight: bold\" lang=\"IT\"><\/SPAN>\u00a0<\/P><br \/>\n<P style=\"MARGIN-RIGHT: 0px\" dir=\"ltr\" class=\"corpoPagina\"><SPAN style=\"FONT-FAMILY: Verdana; FONT-SIZE: 8pt; TEXT-DECORATION: none; mso-bidi-font-family: Arial; text-underline: none; mso-bidi-font-weight: bold\" lang=\"IT\"><A title=\"comunicato informativo opzione\" href=\"\/resource\/2012\/11\/51938_f_cons57comunicatoinformativoopzione.doc\"><FONT color=\"#0854a4\">comunicato informativo opzione<\/FONT><\/A><\/SPAN><\/P><br \/>\n<P style=\"MARGIN-RIGHT: 0px\" dir=\"ltr\" class=\"corpoPagina\"><SPAN style=\"FONT-FAMILY: Verdana; FONT-SIZE: 8pt; TEXT-DECORATION: none; mso-bidi-font-family: Arial; text-underline: none; mso-bidi-font-weight: bold\" lang=\"IT\"><\/SPAN>\u00a0<\/P><\/BLOCKQUOTE><br \/>\n<P style=\"MARGIN-RIGHT: 0px\" dir=\"ltr\" class=\"corpoPagina\"><SPAN style=\"FONT-FAMILY: Verdana; FONT-SIZE: 8pt; TEXT-DECORATION: none; mso-bidi-font-family: Arial; text-underline: none; mso-bidi-font-weight: bold\" lang=\"IT\"><STRONG><U>Comunicato &#8211; Elezioni del Parlamento Italiano 2013. Voto all\u2019estero per corrispondenza<\/U><\/STRONG><\/P><br \/>\n<BLOCKQUOTE style=\"MARGIN-RIGHT: 0px\" dir=\"ltr\"><br \/>\n<P id=\"phNewsTxtData\">\u00a0<\/P><br \/>\n<P style=\"MARGIN-RIGHT: 0px\" dir=\"ltr\" class=\"corpoPagina\">Con Decreto del Presidente della Repubblica n. 226 del 22 dicembre 2012 sono state indette per il 24 e 25 febbraio 2013 le votazioni per l\u2019elezione della Camera dei Deputati e del Senato della Repubblica. <BR><\/P><br \/>\n<P style=\"MARGIN-RIGHT: 0px\" dir=\"ltr\" class=\"corpoPagina\">In Italia le votazioni si svolgono presso i seggi nei giorni di domenica 24 febbraio (dalle ore 8,00 alle ore 22,00) e di luned\u00ec 25 febbraio (dalle ore 7,00 alle ore 15,00). <BR><\/P><br \/>\n<P style=\"MARGIN-RIGHT: 0px\" dir=\"ltr\" class=\"corpoPagina\"><STRONG>All\u2019estero<\/STRONG>, i cittadini italiani ivi stabilmente residenti, iscritti nelle liste elettorali della Circoscrizione estero, possono partecipare alle elezioni votando per corrispondenza. Essi votano per le liste di candidati presentate nella rispettiva ripartizione della Circoscrizione Estero. <BR><\/P><br \/>\n<P style=\"MARGIN-RIGHT: 0px\" dir=\"ltr\" class=\"corpoPagina\">A ciascun elettore residente all\u2019estero, che non abbia optato per il voto in Italia entro il 3 gennaio, il Consolato competente i<STRONG>nvia <\/STRONG>per posta, <STRONG>entro il 6 febbraio<\/STRONG>, un plico contenente: un foglio informativo che spiega come votare, il certificato elettorale, la scheda elettorale (due per chi, avendo compiuto 25 anni, pu\u00f2 votare anche per il Senato), una busta completamente bianca in cui inserire le schede votate, una busta gi\u00e0 affrancata recante l\u2019indirizzo dell\u2019Ufficio consolare stesso, le liste dei candidati della propria ripartizione. <BR><\/P><br \/>\n<P style=\"MARGIN-RIGHT: 0px\" dir=\"ltr\" class=\"corpoPagina\">L\u2019elettore, utilizzando la busta gi\u00e0 affrancata e seguendo attentamente le istruzioni contenute nel foglio informativo, dovr\u00e0 spedire <STRONG>SENZA RITARDO<\/STRONG> le schede elettorali votate, in modo che arrivino al proprio Consolato <STRONG>entro &#8211; e non oltre &#8211; le ore 16 (ora locale) del 21 febbraio.<\/STRONG><\/P><br \/>\n<P style=\"MARGIN-RIGHT: 0px\" dir=\"ltr\" class=\"corpoPagina\"><STRONG><\/STRONG>\u00a0 <STRONG>Il voto \u00e8 personale e segreto. E\u2019 fatto divieto di votare pi\u00f9 volte e inoltrare schede per conto di altre persone. Chiunque violi le disposizioni in materia elettorale, sar\u00e0 punito a norma di legge.<\/STRONG> <BR><\/P><br \/>\n<P style=\"MARGIN-RIGHT: 0px\" dir=\"ltr\" class=\"corpoPagina\"><BR>L\u2019elettore che <STRONG>alla data del 10 febbraio<\/STRONG> non avesse ancora ricevuto il plico elettorale, potr\u00e0 rivolgersi al proprio Consolato per verificare la propria posizione elettorale e chiedere eventualmente un duplicato. <BR><\/P><br \/>\n<P style=\"MARGIN-RIGHT: 0px\" dir=\"ltr\" class=\"corpoPagina\">L\u2019UFFICIO CONSOLARE E\u2019 A DISPOSIZIONE DEI CITTADINI PER QUALSIASI ULTERIORE INFORMAZIONE, CHE PUO\u2019 ESSERE RICHIESTA ALL\u2019INDIRIZZO <A title=\"consolato.izmir@esteri.it\" href=\"mailto:consolato.izmir@esteri.it\"><FONT color=\"#0854a4\">consolato.izmir@esteri.it<\/FONT><\/A> <BR><\/P><br \/>\n<P style=\"MARGIN-RIGHT: 0px\" dir=\"ltr\" class=\"corpoPagina\">INFORMAZIONI DETTAGLIATE SONO INOLTRE\u00a0 DISPONIBILI SUL SITO <A title=\"www.esteri.it\" href=\"http:\/\/www.esteri.it\/\"><FONT color=\"#0854a4\">www.esteri.it<\/FONT><\/A><\/P><br \/>\n<DIV id=\"phInternaTxtLink\"><br \/>\n<P style=\"TEXT-ALIGN: left\">__________________________________________________________________________<\/P><br \/>\n<P style=\"TEXT-ALIGN: left\">Per saperne di pi\u00f9:<\/P><br \/>\n<UL><br \/>\n<LI><br \/>\n<DIV><A id=\"Voto all'estero\" title=\"Voto all'estero\" href=\"http:\/\/www.esteri.it\/MAE\/IT\/Italiani_nel_Mondo\/ServiziConsolari\/VotoEstero\" name=\"Voto all'estero\">Voto all&#8217;estero<\/A><\/DIV><br \/>\n<LI><br \/>\n<DIV><A id=\"Elezioni politiche e referendum\" title=\"Elezioni politiche e referendum\" href=\"http:\/\/www.esteri.it\/MAE\/IT\/Italiani_nel_Mondo\/ServiziConsolari\/VotoEstero\/ElezioniPoliticheReferendum.htm\" name=\"Elezioni politiche e referendum\">Elezioni politiche e referendum<\/A><\/DIV><br \/>\n<LI><br \/>\n<DIV><A id=\"Riferimenti normativi\" title=\"Riferimenti normativi\" href=\"http:\/\/www.esteri.it\/MAE\/IT\/Ministero\/NormativaOnline\/Normativa_consolare\/ServiziConsolari\/VotoEstero\/\" name=\"Riferimenti normativi\">Riferimenti normativi<\/A><\/DIV><br \/>\n<LI><br \/>\n<DIV><A href=\"\/resource\/2013\/02\/53808_f_cons57liste_candid_elezioneCamera_ripartiz_Europa.pdf\">Liste candidati &#8211; elezione Camera &#8211; ripartizione Europa<\/A><\/DIV><br \/>\n<LI><br \/>\n<DIV><A href=\"\/resource\/2013\/02\/53809_f_cons57liste_candid_elezioneSenato_ripartiz_Europa.pdf\">Liste candidati &#8211; elezione Senato &#8211; ripartizione Europa<\/A><\/DIV><\/LI><\/UL><\/DIV><\/BLOCKQUOTE><\/SPAN><\/p>\n","protected":false},"excerpt":{"rendered":"Elezioni politiche 2013 &#8211; Voto per corrispondenza ed esercizio del diritto di opzione \u00a0 Nel corso del 2013 si svolgeranno le elezioni per il rinnovo del Parlamento italiano, che vedranno coinvolti anche i cittadini italiani residenti all\u2019estero, chiamati ad eleggere i propri rappresentanti alla Camera dei Deputati e al Senato della Repubblica, votando per i [&hellip;]","protected":false},"author":2,"featured_media":0,"comment_status":"","ping_status":"","sticky":false,"template":"","format":"standard","meta":{"footnotes":""},"tags":[],"class_list":["post-989","post","type-post","status-publish","format-standard","hentry"],"_links":{"self":[{"href":"https:\/\/consizmir.esteri.it\/it\/wp-json\/wp\/v2\/posts\/989","targetHints":{"allow":["GET"]}}],"collection":[{"href":"https:\/\/consizmir.esteri.it\/it\/wp-json\/wp\/v2\/posts"}],"about":[{"href":"https:\/\/consizmir.esteri.it\/it\/wp-json\/wp\/v2\/types\/post"}],"author":[{"embeddable":true,"href":"https:\/\/consizmir.esteri.it\/it\/wp-json\/wp\/v2\/users\/2"}],"replies":[{"embeddable":true,"href":"https:\/\/consizmir.esteri.it\/it\/wp-json\/wp\/v2\/comments?post=989"}],"version-history":[{"count":0,"href":"https:\/\/consizmir.esteri.it\/it\/wp-json\/wp\/v2\/posts\/989\/revisions"}],"wp:attachment":[{"href":"https:\/\/consizmir.esteri.it\/it\/wp-json\/wp\/v2\/media?parent=989"}],"wp:term":[{"taxonomy":"post_tag","embeddable":true,"href":"https:\/\/consizmir.esteri.it\/it\/wp-json\/wp\/v2\/tags?post=989"}],"curies":[{"name":"wp","href":"https:\/\/api.w.org\/{rel}","templated":true}]}}