{"id":2843,"date":"2024-10-10T13:14:44","date_gmt":"2024-10-10T13:14:44","guid":{"rendered":"https:\/\/consizmir.esteri.it\/?p=2843"},"modified":"2025-01-09T13:27:19","modified_gmt":"2025-01-09T13:27:19","slug":"settimana-della-lingua-e-cultura-italiana","status":"publish","type":"post","link":"https:\/\/consizmir.esteri.it\/tr\/news\/dal_consolato\/2024\/10\/settimana-della-lingua-e-cultura-italiana\/","title":{"rendered":"\u0130zmir \u0130talyan Dili ve K\u00fclt\u00fcr\u00fc Haftas\u0131"},"content":{"rendered":"<p>Casa Italia&#8217;n\u0131n ba\u015frolde oldu\u011fu \u0130zmir \u0130talyan Dili ve K\u00fclt\u00fcr\u00fc Haftas\u0131 i\u00e7in zengin etkinlik ve film program\u0131.<br \/>\n11 Ekim Cuma g\u00fcn\u00fc ba\u015fl\u0131yor: Casa Italia, \u0130talya&#8217;dan gelen y\u00f6netmen Bruno Di Martino&#8217;nun moderat\u00f6rl\u00fc\u011f\u00fcnde y\u00f6netmen Antonello Matarazzo ile \u00e7e\u015fitli eserlerin g\u00f6sterilmesi ve &#8220;Pablo da Neanderthal&#8221; filminin tart\u0131\u015f\u0131lmas\u0131 i\u00e7in saat 18.00&#8217;de bir toplant\u0131ya ev sahipli\u011fi yap\u0131yor. Y\u00f6netmenler ayr\u0131ca 12 Ekim Cumartesi g\u00fcn\u00fc Fo\u00e7a Film Days Festivali&#8217;nde panel ve filmin g\u00f6sterimine kat\u0131lacaklar! 14 Ekim Pazartesi g\u00fcn\u00fc \u0130talyan ilkokulu karikat\u00fcrist Francesco Filippi ile nas\u0131l \u00e7izim yap\u0131laca\u011f\u0131n\u0131 g\u00f6sterdi.<br \/>\n\u00d6zel Bir Soru&#8221; filminin bug\u00fcn saat 19.00&#8217;da Casa Italia&#8217;da g\u00f6sterimi ve yar\u0131n \u0130zmir Ekonomi&#8221;de konferans\u0131 var. 15 Ekim Sal\u0131 g\u00fcn\u00fc Italya Konsolosu, K\u00fclt\u00fcr Derne\u011fi Ba\u015fkan\u0131 Giuliano Gloghini ile birlikte 2012 y\u0131l\u0131ndan bu yana ilkokuldan liseye kadar \u0130talyanca derslerinin verildi\u011fi Geli\u015fim Koleji&#8217;ni ziyaret ederek \u00f6\u011frencileri selamlad\u0131 ve Oz B\u00fcy\u00fcc\u00fcs\u00fc&#8217;n\u00fcn g\u00f6sterisini takdir etti. Geli\u015fim \u00f6\u011frencileri bu g\u00f6steriyle San Remo Uluslararas\u0131 Okullar Yarat\u0131c\u0131l\u0131k Festivali 2024&#8217;te birincili\u011fe hak kazand\u0131.<\/p>\n","protected":false},"excerpt":{"rendered":"Casa Italia&#8217;n\u0131n ba\u015frolde oldu\u011fu \u0130zmir \u0130talyan Dili ve K\u00fclt\u00fcr\u00fc Haftas\u0131 i\u00e7in zengin etkinlik ve film program\u0131. 11 Ekim Cuma g\u00fcn\u00fc ba\u015fl\u0131yor: Casa Italia, \u0130talya&#8217;dan gelen y\u00f6netmen Bruno Di Martino&#8217;nun moderat\u00f6rl\u00fc\u011f\u00fcnde y\u00f6netmen Antonello Matarazzo ile \u00e7e\u015fitli eserlerin g\u00f6sterilmesi ve &#8220;Pablo da Neanderthal&#8221; filminin tart\u0131\u015f\u0131lmas\u0131 i\u00e7in saat 18.00&#8217;de bir toplant\u0131ya ev sahipli\u011fi yap\u0131yor. Y\u00f6netmenler ayr\u0131ca 12 Ekim [&hellip;]","protected":false},"author":6,"featured_media":0,"comment_status":"closed","ping_status":"closed","sticky":false,"template":"","format":"standard","meta":{"footnotes":""},"tags":[],"class_list":["post-2843","post","type-post","status-publish","format-standard","hentry"],"_links":{"self":[{"href":"https:\/\/consizmir.esteri.it\/tr\/wp-json\/wp\/v2\/posts\/2843","targetHints":{"allow":["GET"]}}],"collection":[{"href":"https:\/\/consizmir.esteri.it\/tr\/wp-json\/wp\/v2\/posts"}],"about":[{"href":"https:\/\/consizmir.esteri.it\/tr\/wp-json\/wp\/v2\/types\/post"}],"author":[{"embeddable":true,"href":"https:\/\/consizmir.esteri.it\/tr\/wp-json\/wp\/v2\/users\/6"}],"replies":[{"embeddable":true,"href":"https:\/\/consizmir.esteri.it\/tr\/wp-json\/wp\/v2\/comments?post=2843"}],"version-history":[{"count":3,"href":"https:\/\/consizmir.esteri.it\/tr\/wp-json\/wp\/v2\/posts\/2843\/revisions"}],"predecessor-version":[{"id":2870,"href":"https:\/\/consizmir.esteri.it\/tr\/wp-json\/wp\/v2\/posts\/2843\/revisions\/2870"}],"wp:attachment":[{"href":"https:\/\/consizmir.esteri.it\/tr\/wp-json\/wp\/v2\/media?parent=2843"}],"wp:term":[{"taxonomy":"post_tag","embeddable":true,"href":"https:\/\/consizmir.esteri.it\/tr\/wp-json\/wp\/v2\/tags?post=2843"}],"curies":[{"name":"wp","href":"https:\/\/api.w.org\/{rel}","templated":true}]}}