{"id":2924,"date":"2025-01-10T09:58:24","date_gmt":"2025-01-10T09:58:24","guid":{"rendered":"https:\/\/consizmir.esteri.it\/news\/dal_consolato\/2025\/01\/carissimo-pinocchio-designer-e-grafici-italiani-ridisegnano-il-burattino-piu-famoso-del-mondo\/"},"modified":"2025-01-10T10:00:33","modified_gmt":"2025-01-10T10:00:33","slug":"carissimo-pinocchio-designer-e-grafici-italiani-ridisegnano-il-burattino-piu-famoso-del-mondo","status":"publish","type":"post","link":"https:\/\/consizmir.esteri.it\/tr\/news\/dal_consolato\/2025\/01\/carissimo-pinocchio-designer-e-grafici-italiani-ridisegnano-il-burattino-piu-famoso-del-mondo\/","title":{"rendered":"Carissimo Pinokyo  &#8211; \u0130talya&#8217;n\u0131n \u0130zmir Konsoloslu\u011fu, \u00fcnl\u00fc Pinokyo&#8217;ya ithaf edilen, \u0130talyan tasar\u0131mc\u0131lar\u0131n bu edebi karakteri nas\u0131l yorumlad\u0131klar\u0131n\u0131 anlatan yeni bir tasar\u0131m sergisini kente sunuyor."},"content":{"rendered":"<p>\u201cCarissimo Pinokyo\u201d sergisi, 2023 y\u0131l\u0131nda Milano&#8217;daki ADI Tasar\u0131m M\u00fczesi taraf\u0131ndan Carlo Collodi&#8217;nin d\u00fcnya \u00e7ap\u0131nda \u0130talyanca&#8217;ya en \u00e7ok terc\u00fcme edilen kitab\u0131 olan \u201cPinokyo&#8217;nun Maceralar\u0131, bir kuklan\u0131n hikayesi\u201d kitab\u0131n\u0131n ilk bask\u0131s\u0131n\u0131n 140. y\u0131l d\u00f6n\u00fcm\u00fc vesilesiyle olu\u015fturuldu.<\/p>\n<p>10 Ocak saat 19.30&#8217;da Sanat Galerisi metrosundaki Konak sanat galerisinde \u0130talyan Konsolosu, k\u00fcrat\u00f6r Giulio Iacchetti ile birlikte ve \u0130zmir B\u00fcy\u00fck\u015fehir Belediyesi i\u015fbirli\u011fiyle serginin Italya D\u0131\u015fi\u015fleri ve Uluslararas\u0131 \u0130\u015fbirli\u011fi Bakanl\u0131\u011f\u0131&#8217;n\u0131n destekledi\u011fi uluslararas\u0131 turdaki Milano, San Francisco , \u00dcsk\u00fcp, Pri\u015ftine, Tiran, Seattle, Tallinn, Belgrad ve Zagreb ten sonra \u0130zmir&#8217;e geli\u015finin a\u00e7\u0131l\u0131\u015f\u0131n\u0131 yap\u0131yor.<\/p>\n<p>B\u00fcy\u00fcmeyi, olgunla\u015fmay\u0131, ki\u015fisel fark\u0131ndal\u0131\u011fa do\u011fru evrimi anlatan bu sembolik hikaye, Pinokyo karakterinden esinlenerek yeni nesnelerin \u015feklini alan geometrik \u015fekillerle bir oyuna d\u00f6n\u00fc\u015f\u00fcyor.<\/p>\n<p>Sergiye Konak metro istasyonundaki sanat galerisinde ev sahipli\u011fi yapan \u0130zmir B\u00fcy\u00fck\u015fehir Belediyesi sayesinde geni\u015f bir izleyici kitlesi, 62 yeni projeyle \u0130talyan tasar\u0131m\u0131n\u0131n t\u00fcm hayal g\u00fcc\u00fcn\u00fc, oyunbazl\u0131\u011f\u0131n\u0131, g\u00fczelli\u011fini ve zarafetini \u00fccretsiz olarak ke\u015ffedebilecek.<\/p>\n<p>3 Ocak &#8211; 28 \u015eubat tarihleri aras\u0131nda Konak Metro Sanat Galerisi&#8217;nde g\u00f6r\u00fclebilecek sergi, 1 Mart&#8217;tan itibaren Inspera Bodrum K\u00fclt\u00fcr Sanat sanat merkezine ta\u015f\u0131nacak b\u00f6ylece \u0130stanbul&#8217;a gitmeden \u00f6nce Bodrum&#8217;da da izleyiciyle bulu\u015facak.<\/p>\n<p>\u0130talyan k\u00fclt\u00fcr\u00fcne ve \u0130zmir \u015fehrine yak\u0131nl\u0131k g\u00f6stererek bu serginin olu\u015fmas\u0131na katk\u0131da bulunan firma ve ki\u015filere de te\u015fekk\u00fcr ederiz: Eldor, Foodport, Ceyhun Balcio\u011flu, K\u0131l\u0131\u00e7, Yap\u0131Kredi, EM Elektromekanik.<\/p>\n<p>&nbsp;<\/p>\n","protected":false},"excerpt":{"rendered":"\u201cCarissimo Pinokyo\u201d sergisi, 2023 y\u0131l\u0131nda Milano&#8217;daki ADI Tasar\u0131m M\u00fczesi taraf\u0131ndan Carlo Collodi&#8217;nin d\u00fcnya \u00e7ap\u0131nda \u0130talyanca&#8217;ya en \u00e7ok terc\u00fcme edilen kitab\u0131 olan \u201cPinokyo&#8217;nun Maceralar\u0131, bir kuklan\u0131n hikayesi\u201d kitab\u0131n\u0131n ilk bask\u0131s\u0131n\u0131n 140. y\u0131l d\u00f6n\u00fcm\u00fc vesilesiyle olu\u015fturuldu. 10 Ocak saat 19.30&#8217;da Sanat Galerisi metrosundaki Konak sanat galerisinde \u0130talyan Konsolosu, k\u00fcrat\u00f6r Giulio Iacchetti ile birlikte ve \u0130zmir B\u00fcy\u00fck\u015fehir Belediyesi [&hellip;]","protected":false},"author":6,"featured_media":2919,"comment_status":"closed","ping_status":"closed","sticky":false,"template":"","format":"standard","meta":{"footnotes":""},"tags":[],"class_list":["post-2924","post","type-post","status-publish","format-standard","has-post-thumbnail","hentry"],"_links":{"self":[{"href":"https:\/\/consizmir.esteri.it\/tr\/wp-json\/wp\/v2\/posts\/2924","targetHints":{"allow":["GET"]}}],"collection":[{"href":"https:\/\/consizmir.esteri.it\/tr\/wp-json\/wp\/v2\/posts"}],"about":[{"href":"https:\/\/consizmir.esteri.it\/tr\/wp-json\/wp\/v2\/types\/post"}],"author":[{"embeddable":true,"href":"https:\/\/consizmir.esteri.it\/tr\/wp-json\/wp\/v2\/users\/6"}],"replies":[{"embeddable":true,"href":"https:\/\/consizmir.esteri.it\/tr\/wp-json\/wp\/v2\/comments?post=2924"}],"version-history":[{"count":2,"href":"https:\/\/consizmir.esteri.it\/tr\/wp-json\/wp\/v2\/posts\/2924\/revisions"}],"predecessor-version":[{"id":2928,"href":"https:\/\/consizmir.esteri.it\/tr\/wp-json\/wp\/v2\/posts\/2924\/revisions\/2928"}],"wp:featuredmedia":[{"embeddable":true,"href":"https:\/\/consizmir.esteri.it\/tr\/wp-json\/wp\/v2\/media\/2919"}],"wp:attachment":[{"href":"https:\/\/consizmir.esteri.it\/tr\/wp-json\/wp\/v2\/media?parent=2924"}],"wp:term":[{"taxonomy":"post_tag","embeddable":true,"href":"https:\/\/consizmir.esteri.it\/tr\/wp-json\/wp\/v2\/tags?post=2924"}],"curies":[{"name":"wp","href":"https:\/\/api.w.org\/{rel}","templated":true}]}}