{"id":3033,"date":"2025-02-26T10:19:41","date_gmt":"2025-02-26T10:19:41","guid":{"rendered":"https:\/\/consizmir.esteri.it\/news\/dal_consolato\/2025\/02\/elezioni-nuovo-cda-camera-di-commercio-italiana\/"},"modified":"2025-02-26T10:21:26","modified_gmt":"2025-02-26T10:21:26","slug":"elezioni-nuovo-cda-camera-di-commercio-italiana","status":"publish","type":"post","link":"https:\/\/consizmir.esteri.it\/tr\/news\/dal_consolato\/2025\/02\/elezioni-nuovo-cda-camera-di-commercio-italiana\/","title":{"rendered":"\u0130zmir \u0130talyan Ticaret Odas\u0131&#8217;n\u0131n Yeni Y\u00f6netim Kurulu Se\u00e7imleri"},"content":{"rendered":"<p>Casa Italia&#8217;da \u0130talyan Ticaret Odas\u0131 @cci Genel Kurulu yeni y\u00f6netim kurulunu se\u00e7ti, mevcut Ba\u015fkan Pietro Alba yeniden atand\u0131 ve Enrico Corsini Ba\u015fkan yard\u0131mc\u0131s\u0131 olarak atand\u0131. Konsolos, 2024 y\u0131l\u0131nda \u015firketleri destekleme konusunda yak\u0131n kurumsal i\u015f birli\u011finin ve elde edilen m\u00fckemmel sonu\u00e7lar\u0131n alt\u0131n\u0131 \u00e7izdi ve ayr\u0131ca 2025 y\u0131l\u0131nda \u0130talya&#8217;n\u0131n tan\u0131t\u0131m\u0131n\u0131n ve Ege b\u00f6lgesi ile \u0130talya aras\u0131ndaki ticaret ak\u0131\u015f\u0131n\u0131n g\u00fc\u00e7lendirilmesi hedefini teyit etti.<\/p>\n","protected":false},"excerpt":{"rendered":"Casa Italia&#8217;da \u0130talyan Ticaret Odas\u0131 @cci Genel Kurulu yeni y\u00f6netim kurulunu se\u00e7ti, mevcut Ba\u015fkan Pietro Alba yeniden atand\u0131 ve Enrico Corsini Ba\u015fkan yard\u0131mc\u0131s\u0131 olarak atand\u0131. Konsolos, 2024 y\u0131l\u0131nda \u015firketleri destekleme konusunda yak\u0131n kurumsal i\u015f birli\u011finin ve elde edilen m\u00fckemmel sonu\u00e7lar\u0131n alt\u0131n\u0131 \u00e7izdi ve ayr\u0131ca 2025 y\u0131l\u0131nda \u0130talya&#8217;n\u0131n tan\u0131t\u0131m\u0131n\u0131n ve Ege b\u00f6lgesi ile \u0130talya aras\u0131ndaki ticaret [&hellip;]","protected":false},"author":6,"featured_media":3028,"comment_status":"closed","ping_status":"closed","sticky":false,"template":"","format":"standard","meta":{"footnotes":""},"tags":[],"class_list":["post-3033","post","type-post","status-publish","format-standard","has-post-thumbnail","hentry"],"_links":{"self":[{"href":"https:\/\/consizmir.esteri.it\/tr\/wp-json\/wp\/v2\/posts\/3033","targetHints":{"allow":["GET"]}}],"collection":[{"href":"https:\/\/consizmir.esteri.it\/tr\/wp-json\/wp\/v2\/posts"}],"about":[{"href":"https:\/\/consizmir.esteri.it\/tr\/wp-json\/wp\/v2\/types\/post"}],"author":[{"embeddable":true,"href":"https:\/\/consizmir.esteri.it\/tr\/wp-json\/wp\/v2\/users\/6"}],"replies":[{"embeddable":true,"href":"https:\/\/consizmir.esteri.it\/tr\/wp-json\/wp\/v2\/comments?post=3033"}],"version-history":[{"count":1,"href":"https:\/\/consizmir.esteri.it\/tr\/wp-json\/wp\/v2\/posts\/3033\/revisions"}],"predecessor-version":[{"id":3034,"href":"https:\/\/consizmir.esteri.it\/tr\/wp-json\/wp\/v2\/posts\/3033\/revisions\/3034"}],"wp:featuredmedia":[{"embeddable":true,"href":"https:\/\/consizmir.esteri.it\/tr\/wp-json\/wp\/v2\/media\/3028"}],"wp:attachment":[{"href":"https:\/\/consizmir.esteri.it\/tr\/wp-json\/wp\/v2\/media?parent=3033"}],"wp:term":[{"taxonomy":"post_tag","embeddable":true,"href":"https:\/\/consizmir.esteri.it\/tr\/wp-json\/wp\/v2\/tags?post=3033"}],"curies":[{"name":"wp","href":"https:\/\/api.w.org\/{rel}","templated":true}]}}