{"id":3242,"date":"2025-03-11T17:00:55","date_gmt":"2025-03-11T17:00:55","guid":{"rendered":"https:\/\/consizmir.esteri.it\/?p=3242"},"modified":"2025-03-19T07:46:01","modified_gmt":"2025-03-19T07:46:01","slug":"konsolos-beyin-isikkent-egitim-kampusunu-ziyareti","status":"publish","type":"post","link":"https:\/\/consizmir.esteri.it\/tr\/news\/dal_consolato\/2025\/03\/konsolos-beyin-isikkent-egitim-kampusunu-ziyareti\/","title":{"rendered":"Konsolos Bey&#8217;in I\u015f\u0131kkent E\u011fitim Kamp\u00fcs\u00fc&#8217;n\u00fc ziyareti"},"content":{"rendered":"<p>Say\u0131n Konsolos Daniele Bianchi, Ege b\u00f6lgesinin \u00f6nde gelen e\u011fitim kurumlar\u0131ndan biri olan \u0130zmir&#8217;deki @isikkent_egitim_kampusu okulunu ziyaret ederek \u00f6\u011frencilerin yarar\u0131na yeni i\u015f birlikleri geli\u015ftirmek i\u00e7in g\u00f6r\u00fc\u015ft\u00fcler. \u00d6zellikle Konsolosluk ve Okul, gelecek akademik y\u0131ldan itibaren m\u00fcfredata \u0130talyanca dilini dahil etme olas\u0131l\u0131\u011f\u0131n\u0131 de\u011ferlendirecekler.<\/p>\n","protected":false},"excerpt":{"rendered":"Say\u0131n Konsolos Daniele Bianchi, Ege b\u00f6lgesinin \u00f6nde gelen e\u011fitim kurumlar\u0131ndan biri olan \u0130zmir&#8217;deki @isikkent_egitim_kampusu okulunu ziyaret ederek \u00f6\u011frencilerin yarar\u0131na yeni i\u015f birlikleri geli\u015ftirmek i\u00e7in g\u00f6r\u00fc\u015ft\u00fcler. \u00d6zellikle Konsolosluk ve Okul, gelecek akademik y\u0131ldan itibaren m\u00fcfredata \u0130talyanca dilini dahil etme olas\u0131l\u0131\u011f\u0131n\u0131 de\u011ferlendirecekler.","protected":false},"author":6,"featured_media":3225,"comment_status":"closed","ping_status":"closed","sticky":false,"template":"","format":"standard","meta":{"footnotes":""},"tags":[],"class_list":["post-3242","post","type-post","status-publish","format-standard","has-post-thumbnail","hentry"],"_links":{"self":[{"href":"https:\/\/consizmir.esteri.it\/tr\/wp-json\/wp\/v2\/posts\/3242","targetHints":{"allow":["GET"]}}],"collection":[{"href":"https:\/\/consizmir.esteri.it\/tr\/wp-json\/wp\/v2\/posts"}],"about":[{"href":"https:\/\/consizmir.esteri.it\/tr\/wp-json\/wp\/v2\/types\/post"}],"author":[{"embeddable":true,"href":"https:\/\/consizmir.esteri.it\/tr\/wp-json\/wp\/v2\/users\/6"}],"replies":[{"embeddable":true,"href":"https:\/\/consizmir.esteri.it\/tr\/wp-json\/wp\/v2\/comments?post=3242"}],"version-history":[{"count":2,"href":"https:\/\/consizmir.esteri.it\/tr\/wp-json\/wp\/v2\/posts\/3242\/revisions"}],"predecessor-version":[{"id":3282,"href":"https:\/\/consizmir.esteri.it\/tr\/wp-json\/wp\/v2\/posts\/3242\/revisions\/3282"}],"wp:featuredmedia":[{"embeddable":true,"href":"https:\/\/consizmir.esteri.it\/tr\/wp-json\/wp\/v2\/media\/3225"}],"wp:attachment":[{"href":"https:\/\/consizmir.esteri.it\/tr\/wp-json\/wp\/v2\/media?parent=3242"}],"wp:term":[{"taxonomy":"post_tag","embeddable":true,"href":"https:\/\/consizmir.esteri.it\/tr\/wp-json\/wp\/v2\/tags?post=3242"}],"curies":[{"name":"wp","href":"https:\/\/api.w.org\/{rel}","templated":true}]}}