{"id":3270,"date":"2025-03-04T17:31:13","date_gmt":"2025-03-04T17:31:13","guid":{"rendered":"https:\/\/consizmir.esteri.it\/news\/dal_consolato\/2025\/03\/inaugurazione-mostra-carissimo-pinocchio-a-bodrum\/"},"modified":"2025-03-19T07:37:39","modified_gmt":"2025-03-19T07:37:39","slug":"inaugurazione-mostra-carissimo-pinocchio-a-bodrum","status":"publish","type":"post","link":"https:\/\/consizmir.esteri.it\/tr\/news\/dal_consolato\/2025\/03\/inaugurazione-mostra-carissimo-pinocchio-a-bodrum\/","title":{"rendered":"Bodrum&#8217;da &#8216;Carissimo Pinocchio&#8217; adl\u0131 serginin a\u00e7\u0131l\u0131\u015f\u0131"},"content":{"rendered":"<p>Say\u0131n Konsolos, Ocak-\u015eubat aylar\u0131nda \u0130zmir\u2019de sanatseverlerin be\u011fenisine sunulduktan sonra, 4 Mart\u2019ta Bodrum\u2019daki \u0130nspera Sanat Galerisi&#8217;nde \u201cCarissimo Pinocchio\u201d tasar\u0131m sergisinin a\u00e7\u0131l\u0131\u015f\u0131n\u0131 ger\u00e7ekle\u015ftirdi. \u0130talyan tasar\u0131mc\u0131lar\u0131n eserleri \u00f6ne \u00e7\u0131kar\u0131larak bu klasik fig\u00fcr\u00fc nas\u0131l yeniden \u015fekillendirdi\u011fini g\u00f6zler \u00f6n\u00fcne seren sergi, \u0130stanbul\u2019a ta\u015f\u0131nmadan \u00f6nce 8 Nisan\u2019a kadar Bodrum\u2019da ziyaret\u00e7iler ile bulu\u015facak.<br \/>\n@insperabodrum\u2019a ve sponsorlar\u0131m\u0131z Eldor, Ceyhun Balc\u0131o\u011flu, @kilicdeniztr, EM_eklektromenaik, Yap\u0131Kredi ve FoodPort&#8217;a te\u015fekk\u00fcrlerimizi sunar\u0131z.<\/p>\n","protected":false},"excerpt":{"rendered":"Say\u0131n Konsolos, Ocak-\u015eubat aylar\u0131nda \u0130zmir\u2019de sanatseverlerin be\u011fenisine sunulduktan sonra, 4 Mart\u2019ta Bodrum\u2019daki \u0130nspera Sanat Galerisi&#8217;nde \u201cCarissimo Pinocchio\u201d tasar\u0131m sergisinin a\u00e7\u0131l\u0131\u015f\u0131n\u0131 ger\u00e7ekle\u015ftirdi. \u0130talyan tasar\u0131mc\u0131lar\u0131n eserleri \u00f6ne \u00e7\u0131kar\u0131larak bu klasik fig\u00fcr\u00fc nas\u0131l yeniden \u015fekillendirdi\u011fini g\u00f6zler \u00f6n\u00fcne seren sergi, \u0130stanbul\u2019a ta\u015f\u0131nmadan \u00f6nce 8 Nisan\u2019a kadar Bodrum\u2019da ziyaret\u00e7iler ile bulu\u015facak. @insperabodrum\u2019a ve sponsorlar\u0131m\u0131z Eldor, Ceyhun Balc\u0131o\u011flu, @kilicdeniztr, EM_eklektromenaik, Yap\u0131Kredi [&hellip;]","protected":false},"author":6,"featured_media":3257,"comment_status":"closed","ping_status":"closed","sticky":false,"template":"","format":"standard","meta":{"footnotes":""},"tags":[],"class_list":["post-3270","post","type-post","status-publish","format-standard","has-post-thumbnail","hentry"],"_links":{"self":[{"href":"https:\/\/consizmir.esteri.it\/tr\/wp-json\/wp\/v2\/posts\/3270","targetHints":{"allow":["GET"]}}],"collection":[{"href":"https:\/\/consizmir.esteri.it\/tr\/wp-json\/wp\/v2\/posts"}],"about":[{"href":"https:\/\/consizmir.esteri.it\/tr\/wp-json\/wp\/v2\/types\/post"}],"author":[{"embeddable":true,"href":"https:\/\/consizmir.esteri.it\/tr\/wp-json\/wp\/v2\/users\/6"}],"replies":[{"embeddable":true,"href":"https:\/\/consizmir.esteri.it\/tr\/wp-json\/wp\/v2\/comments?post=3270"}],"version-history":[{"count":2,"href":"https:\/\/consizmir.esteri.it\/tr\/wp-json\/wp\/v2\/posts\/3270\/revisions"}],"predecessor-version":[{"id":3276,"href":"https:\/\/consizmir.esteri.it\/tr\/wp-json\/wp\/v2\/posts\/3270\/revisions\/3276"}],"wp:featuredmedia":[{"embeddable":true,"href":"https:\/\/consizmir.esteri.it\/tr\/wp-json\/wp\/v2\/media\/3257"}],"wp:attachment":[{"href":"https:\/\/consizmir.esteri.it\/tr\/wp-json\/wp\/v2\/media?parent=3270"}],"wp:term":[{"taxonomy":"post_tag","embeddable":true,"href":"https:\/\/consizmir.esteri.it\/tr\/wp-json\/wp\/v2\/tags?post=3270"}],"curies":[{"name":"wp","href":"https:\/\/api.w.org\/{rel}","templated":true}]}}