{"id":3383,"date":"2025-04-11T15:30:20","date_gmt":"2025-04-11T15:30:20","guid":{"rendered":"https:\/\/consizmir.esteri.it\/news\/dal_consolato\/2025\/04\/festival-della-creativita-italiana-ad-izmir\/"},"modified":"2025-04-14T10:38:18","modified_gmt":"2025-04-14T10:38:18","slug":"festival-della-creativita-italiana-ad-izmir","status":"publish","type":"post","link":"https:\/\/consizmir.esteri.it\/tr\/news\/dal_consolato\/2025\/04\/festival-della-creativita-italiana-ad-izmir\/","title":{"rendered":"\u0130zmir&#8217;de \u0130talyan Yarat\u0131c\u0131l\u0131\u011f\u0131 Festivali"},"content":{"rendered":"<p>\u0130zmir, \u0130talya Konsoloslu\u011fu ve \u0130zmir Ekonomi \u00dcniversitesi aras\u0131ndaki i\u015f birli\u011fi sayesinde ilk defa \u0130talyan Yarat\u0131c\u0131l\u0131\u011f\u0131 Festivali&#8217;ne ev sahipli\u011fi yapacak. \u0130zmir Ekonomi \u00dcniversitesi&#8217;nin &#8221; Create in Izmir&#8221; projesinin bir par\u00e7as\u0131 olarak d\u00fczenlenen bu &#8220;Gen\u00e7 Yarat\u0131c\u0131 Fest 2025&#8243;in alt\u0131nc\u0131 y\u0131l\u0131n\u0131n ba\u015fl\u0131\u011f\u0131 &#8220;Viva Creativit\u00e0&#8221; olup, \u0130talyan ve T\u00fcrk yarat\u0131c\u0131l\u0131\u011f\u0131n\u0131n perspektifine odaklan\u0131yor. Bu, T\u00fcrkiye&#8217;deki yeni \u0130talyan Yarat\u0131c\u0131l\u0131\u011f\u0131 Festivali&#8217;nin bir par\u00e7as\u0131 ve Made in Italy G\u00fcn\u00fc&#8217;nde ger\u00e7ekle\u015ftiriliyor. Bu uluslararas\u0131 program, yarat\u0131c\u0131l\u0131\u011f\u0131 \u00e7e\u015fitli \u015fekillerde ele al\u0131yor: end\u00fcstrilerin gelece\u011fini \u015fekillendiren yenilik\u00e7i fikirler, s\u00fcrd\u00fcr\u00fclebilir tasar\u0131m uygulamalar\u0131, sekt\u00f6rler aras\u0131 i\u015f birlikleri. T\u00fcrkiye ve \u0130talya&#8217;dan akademisyen, tasar\u0131mc\u0131 ve sekt\u00f6r profesyonellerinin kat\u0131l\u0131m\u0131yla ger\u00e7ekle\u015fecek iki g\u00fcnl\u00fck etkinlikte gastronomi, tasar\u0131m, moda, teknoloji ve giri\u015fimcilik gibi farkl\u0131 alanlarda yarat\u0131c\u0131 \u00e7\u00f6z\u00fcmler ke\u015ffedilecek.<\/p>\n<p>\u0130lk g\u00fcn olan 15 Nisan, &#8221; Gastro Tourism Ideathon&#8221; ba\u015fl\u0131\u011f\u0131n\u0131 ta\u015f\u0131yor ve turizm tan\u0131t\u0131m\u0131 alan\u0131nda \u0130talyan ve T\u00fcrk mutfak zenginli\u011fini birle\u015ftiren yarat\u0131c\u0131 \u00e7\u00f6z\u00fcmler geli\u015ftirmek i\u00e7in gastronomi ile a\u00e7\u0131l\u0131yor. Onur konu\u011fu \u0130stanbul&#8217;daki Eataly&#8217;nin direkt\u00f6r\u00fc \u015eef Claudio Chinali olacak.<\/p>\n<p>&#8220;Yarat\u0131c\u0131 K\u00f6pr\u00fcler: Tasar\u0131mda \u0130talya ve T\u00fcrkiye&#8221; ba\u015fl\u0131kl\u0131 ikinci g\u00fcn, 16 Nisan&#8217;da, \u0130talyan Tasar\u0131m Derne\u011fi Ba\u015fkan\u0131 Prof. Lorenzo Imbesi&#8217;nin a\u00e7\u0131l\u0131\u015f konu\u015fmas\u0131yla ba\u015fl\u0131yor ve yarat\u0131c\u0131 ekosistemler, s\u00fcrd\u00fcr\u00fclebilir moda, \u00fcniversitenin inovasyondaki rol\u00fc ve i\u015f d\u00fcnyas\u0131n\u0131n rol\u00fc \u00fczerine d\u00f6rt tematik oturumla devam ediyor. \u0130talyan konuklar aras\u0131nda, \u0130talya&#8217;daki y\u00fcksek teknoloji devlerini bir araya getiren ve Napoli \u015fehrinde kentsel yeniden yap\u0131lanmay\u0131 te\u015fvik eden bir merkez olan Napoli \u00dcniversitesi&#8217;nin yeni San Giovanni Teduccio \u0130novasyon Merkezi&#8217;nden iki uzman olacak; uzay sekt\u00f6r\u00fcn\u00fcn liderlerinden biri olan Argotech \u015firketi; \u0130talya&#8217;dan \u0130zmir&#8217;e ta\u015f\u0131nan ba\u015far\u0131l\u0131 bir giri\u015fimci fig\u00fcr\u00fc ile kurumsal rol\u00fcn\u00fc birle\u015ftiren \u0130zmir \u0130talyan Ticaret Odas\u0131 Ba\u015fkan\u0131 Pietro Alba; moda tasar\u0131mc\u0131s\u0131 Biaggio Galotti; Milano&#8217;daki Isola Design grubunun kurucular\u0131; Matera Tasar\u0131m Enstit\u00fcs\u00fc&#8217;nden iki profes\u00f6r.<\/p>\n","protected":false},"excerpt":{"rendered":"\u0130zmir, \u0130talya Konsoloslu\u011fu ve \u0130zmir Ekonomi \u00dcniversitesi aras\u0131ndaki i\u015f birli\u011fi sayesinde ilk defa \u0130talyan Yarat\u0131c\u0131l\u0131\u011f\u0131 Festivali&#8217;ne ev sahipli\u011fi yapacak. \u0130zmir Ekonomi \u00dcniversitesi&#8217;nin &#8221; Create in Izmir&#8221; projesinin bir par\u00e7as\u0131 olarak d\u00fczenlenen bu &#8220;Gen\u00e7 Yarat\u0131c\u0131 Fest 2025&#8243;in alt\u0131nc\u0131 y\u0131l\u0131n\u0131n ba\u015fl\u0131\u011f\u0131 &#8220;Viva Creativit\u00e0&#8221; olup, \u0130talyan ve T\u00fcrk yarat\u0131c\u0131l\u0131\u011f\u0131n\u0131n perspektifine odaklan\u0131yor. Bu, T\u00fcrkiye&#8217;deki yeni \u0130talyan Yarat\u0131c\u0131l\u0131\u011f\u0131 Festivali&#8217;nin bir [&hellip;]","protected":false},"author":6,"featured_media":3372,"comment_status":"closed","ping_status":"closed","sticky":false,"template":"","format":"standard","meta":{"footnotes":""},"tags":[],"class_list":["post-3383","post","type-post","status-publish","format-standard","has-post-thumbnail","hentry"],"_links":{"self":[{"href":"https:\/\/consizmir.esteri.it\/tr\/wp-json\/wp\/v2\/posts\/3383","targetHints":{"allow":["GET"]}}],"collection":[{"href":"https:\/\/consizmir.esteri.it\/tr\/wp-json\/wp\/v2\/posts"}],"about":[{"href":"https:\/\/consizmir.esteri.it\/tr\/wp-json\/wp\/v2\/types\/post"}],"author":[{"embeddable":true,"href":"https:\/\/consizmir.esteri.it\/tr\/wp-json\/wp\/v2\/users\/6"}],"replies":[{"embeddable":true,"href":"https:\/\/consizmir.esteri.it\/tr\/wp-json\/wp\/v2\/comments?post=3383"}],"version-history":[{"count":1,"href":"https:\/\/consizmir.esteri.it\/tr\/wp-json\/wp\/v2\/posts\/3383\/revisions"}],"predecessor-version":[{"id":3384,"href":"https:\/\/consizmir.esteri.it\/tr\/wp-json\/wp\/v2\/posts\/3383\/revisions\/3384"}],"wp:featuredmedia":[{"embeddable":true,"href":"https:\/\/consizmir.esteri.it\/tr\/wp-json\/wp\/v2\/media\/3372"}],"wp:attachment":[{"href":"https:\/\/consizmir.esteri.it\/tr\/wp-json\/wp\/v2\/media?parent=3383"}],"wp:term":[{"taxonomy":"post_tag","embeddable":true,"href":"https:\/\/consizmir.esteri.it\/tr\/wp-json\/wp\/v2\/tags?post=3383"}],"curies":[{"name":"wp","href":"https:\/\/api.w.org\/{rel}","templated":true}]}}