{"id":3507,"date":"2025-05-04T08:35:21","date_gmt":"2025-05-04T08:35:21","guid":{"rendered":"https:\/\/consizmir.esteri.it\/news\/dal_consolato\/2025\/05\/125-anni-della-scuola-dellinfanzia-e-primaria-italiana\/"},"modified":"2025-05-06T08:47:33","modified_gmt":"2025-05-06T08:47:33","slug":"125-anni-della-scuola-dellinfanzia-e-primaria-italiana","status":"publish","type":"post","link":"https:\/\/consizmir.esteri.it\/tr\/news\/dal_consolato\/2025\/05\/125-anni-della-scuola-dellinfanzia-e-primaria-italiana\/","title":{"rendered":"\u0130talyan Anaokulu ve \u0130lkokulunun 125&#8217;inci kurulu\u015f y\u0131l d\u00f6n\u00fcm\u00fc"},"content":{"rendered":"<p>\u0130talyan Anaokulu ve \u0130lkokulu, Say\u0131n Konsolos Daniele Bianchi, Lucien Arkas ve \u0130l Milli E\u011fitim M\u00fcd\u00fcr\u00fc&#8217;n\u00fcn de kat\u0131ld\u0131\u011f\u0131 bir t\u00f6renle 125. kurulu\u015f y\u0131l d\u00f6n\u00fcm\u00fcn\u00fc kutlad\u0131. Okulun bu uzun tarihi ge\u00e7mi\u015fi, \u0130talyan dilinin \u00e7ocuklara \u00f6\u011fretilmesi ve s\u00fcrekli yenilenen bir e\u011fitim sisteminin uygulanmas\u0131 ile \u00f6v\u00fcnmektedir.<\/p>\n","protected":false},"excerpt":{"rendered":"\u0130talyan Anaokulu ve \u0130lkokulu, Say\u0131n Konsolos Daniele Bianchi, Lucien Arkas ve \u0130l Milli E\u011fitim M\u00fcd\u00fcr\u00fc&#8217;n\u00fcn de kat\u0131ld\u0131\u011f\u0131 bir t\u00f6renle 125. kurulu\u015f y\u0131l d\u00f6n\u00fcm\u00fcn\u00fc kutlad\u0131. Okulun bu uzun tarihi ge\u00e7mi\u015fi, \u0130talyan dilinin \u00e7ocuklara \u00f6\u011fretilmesi ve s\u00fcrekli yenilenen bir e\u011fitim sisteminin uygulanmas\u0131 ile \u00f6v\u00fcnmektedir.","protected":false},"author":6,"featured_media":3501,"comment_status":"closed","ping_status":"closed","sticky":false,"template":"","format":"standard","meta":{"footnotes":""},"tags":[],"class_list":["post-3507","post","type-post","status-publish","format-standard","has-post-thumbnail","hentry"],"_links":{"self":[{"href":"https:\/\/consizmir.esteri.it\/tr\/wp-json\/wp\/v2\/posts\/3507","targetHints":{"allow":["GET"]}}],"collection":[{"href":"https:\/\/consizmir.esteri.it\/tr\/wp-json\/wp\/v2\/posts"}],"about":[{"href":"https:\/\/consizmir.esteri.it\/tr\/wp-json\/wp\/v2\/types\/post"}],"author":[{"embeddable":true,"href":"https:\/\/consizmir.esteri.it\/tr\/wp-json\/wp\/v2\/users\/6"}],"replies":[{"embeddable":true,"href":"https:\/\/consizmir.esteri.it\/tr\/wp-json\/wp\/v2\/comments?post=3507"}],"version-history":[{"count":2,"href":"https:\/\/consizmir.esteri.it\/tr\/wp-json\/wp\/v2\/posts\/3507\/revisions"}],"predecessor-version":[{"id":3511,"href":"https:\/\/consizmir.esteri.it\/tr\/wp-json\/wp\/v2\/posts\/3507\/revisions\/3511"}],"wp:featuredmedia":[{"embeddable":true,"href":"https:\/\/consizmir.esteri.it\/tr\/wp-json\/wp\/v2\/media\/3501"}],"wp:attachment":[{"href":"https:\/\/consizmir.esteri.it\/tr\/wp-json\/wp\/v2\/media?parent=3507"}],"wp:term":[{"taxonomy":"post_tag","embeddable":true,"href":"https:\/\/consizmir.esteri.it\/tr\/wp-json\/wp\/v2\/tags?post=3507"}],"curies":[{"name":"wp","href":"https:\/\/api.w.org\/{rel}","templated":true}]}}