{"id":3536,"date":"2025-05-22T13:53:23","date_gmt":"2025-05-22T13:53:23","guid":{"rendered":"https:\/\/consizmir.esteri.it\/news\/dal_consolato\/2025\/05\/avviso-a-tutti-i-connazionali\/"},"modified":"2025-05-22T13:54:08","modified_gmt":"2025-05-22T13:54:08","slug":"avviso-a-tutti-i-connazionali","status":"publish","type":"post","link":"https:\/\/consizmir.esteri.it\/tr\/news\/dal_consolato\/2025\/05\/avviso-a-tutti-i-connazionali\/","title":{"rendered":"T\u00fcm yurtta\u015flar\u0131m\u0131za duyurulur"},"content":{"rendered":"<p>Yap\u0131lacak olan halk oylamas\u0131na ili\u015fkin se\u00e7men zarflar\u0131, yurtta\u015flar\u0131m\u0131z\u0131n kay\u0131tlar\u0131n\u0131 yapt\u0131rm\u0131\u015f olduklar\u0131 ikamet adreslerine g\u00f6nderilmi\u015ftir: Bu nedenle ikametg\u00e2h de\u011fi\u015fikli\u011fi durumunda adresinizi mutlaka g\u00fcncellemeniz gerekti\u011fini hat\u0131rlat\u0131r\u0131z.<\/p>\n<p>Teslim almayanlar, durumu e-posta yoluyla Konsoloslu\u011fa bildirebilirler.<\/p>\n","protected":false},"excerpt":{"rendered":"Yap\u0131lacak olan halk oylamas\u0131na ili\u015fkin se\u00e7men zarflar\u0131, yurtta\u015flar\u0131m\u0131z\u0131n kay\u0131tlar\u0131n\u0131 yapt\u0131rm\u0131\u015f olduklar\u0131 ikamet adreslerine g\u00f6nderilmi\u015ftir: Bu nedenle ikametg\u00e2h de\u011fi\u015fikli\u011fi durumunda adresinizi mutlaka g\u00fcncellemeniz gerekti\u011fini hat\u0131rlat\u0131r\u0131z. Teslim almayanlar, durumu e-posta yoluyla Konsoloslu\u011fa bildirebilirler.","protected":false},"author":6,"featured_media":0,"comment_status":"closed","ping_status":"closed","sticky":false,"template":"","format":"standard","meta":{"footnotes":""},"tags":[],"class_list":["post-3536","post","type-post","status-publish","format-standard","hentry"],"_links":{"self":[{"href":"https:\/\/consizmir.esteri.it\/tr\/wp-json\/wp\/v2\/posts\/3536","targetHints":{"allow":["GET"]}}],"collection":[{"href":"https:\/\/consizmir.esteri.it\/tr\/wp-json\/wp\/v2\/posts"}],"about":[{"href":"https:\/\/consizmir.esteri.it\/tr\/wp-json\/wp\/v2\/types\/post"}],"author":[{"embeddable":true,"href":"https:\/\/consizmir.esteri.it\/tr\/wp-json\/wp\/v2\/users\/6"}],"replies":[{"embeddable":true,"href":"https:\/\/consizmir.esteri.it\/tr\/wp-json\/wp\/v2\/comments?post=3536"}],"version-history":[{"count":1,"href":"https:\/\/consizmir.esteri.it\/tr\/wp-json\/wp\/v2\/posts\/3536\/revisions"}],"predecessor-version":[{"id":3537,"href":"https:\/\/consizmir.esteri.it\/tr\/wp-json\/wp\/v2\/posts\/3536\/revisions\/3537"}],"wp:attachment":[{"href":"https:\/\/consizmir.esteri.it\/tr\/wp-json\/wp\/v2\/media?parent=3536"}],"wp:term":[{"taxonomy":"post_tag","embeddable":true,"href":"https:\/\/consizmir.esteri.it\/tr\/wp-json\/wp\/v2\/tags?post=3536"}],"curies":[{"name":"wp","href":"https:\/\/api.w.org\/{rel}","templated":true}]}}