{"id":3724,"date":"2025-06-16T08:42:04","date_gmt":"2025-06-16T08:42:04","guid":{"rendered":"https:\/\/consizmir.esteri.it\/?p=3724"},"modified":"2025-06-18T08:50:31","modified_gmt":"2025-06-18T08:50:31","slug":"premio-ospitalita-italiana-al-montiano","status":"publish","type":"post","link":"https:\/\/consizmir.esteri.it\/tr\/news\/dal_consolato\/2025\/06\/premio-ospitalita-italiana-al-montiano\/","title":{"rendered":"Montiano&#8217;ya Ospitalit\u00e0 Italiana \u00f6d\u00fcl\u00fc"},"content":{"rendered":"<p>13 Haziran&#8217;da @Montiano restoran\u0131, \u0130talya Konsolosu ile birlikte \u0130talyan Ticaret Odas\u0131 @cci&#8217;den Marchio Ospitalit\u00e0 Italiana kalite sertifikas\u0131yla \u00f6d\u00fcllendirildi.<\/p>\n<p>Italya Konsolosu \u00f6d\u00fcl t\u00f6reninde \u0130zmir&#8217;de bir \u0130talyan adas\u0131 yaratt\u0131klar\u0131 i\u00e7in Lucien ve Merve Arkas&#8217;a te\u015fekk\u00fcr etti.<\/p>\n","protected":false},"excerpt":{"rendered":"13 Haziran&#8217;da @Montiano restoran\u0131, \u0130talya Konsolosu ile birlikte \u0130talyan Ticaret Odas\u0131 @cci&#8217;den Marchio Ospitalit\u00e0 Italiana kalite sertifikas\u0131yla \u00f6d\u00fcllendirildi. Italya Konsolosu \u00f6d\u00fcl t\u00f6reninde \u0130zmir&#8217;de bir \u0130talyan adas\u0131 yaratt\u0131klar\u0131 i\u00e7in Lucien ve Merve Arkas&#8217;a te\u015fekk\u00fcr etti.","protected":false},"author":6,"featured_media":3737,"comment_status":"closed","ping_status":"closed","sticky":false,"template":"","format":"standard","meta":{"footnotes":""},"tags":[],"class_list":["post-3724","post","type-post","status-publish","format-standard","has-post-thumbnail","hentry"],"_links":{"self":[{"href":"https:\/\/consizmir.esteri.it\/tr\/wp-json\/wp\/v2\/posts\/3724","targetHints":{"allow":["GET"]}}],"collection":[{"href":"https:\/\/consizmir.esteri.it\/tr\/wp-json\/wp\/v2\/posts"}],"about":[{"href":"https:\/\/consizmir.esteri.it\/tr\/wp-json\/wp\/v2\/types\/post"}],"author":[{"embeddable":true,"href":"https:\/\/consizmir.esteri.it\/tr\/wp-json\/wp\/v2\/users\/6"}],"replies":[{"embeddable":true,"href":"https:\/\/consizmir.esteri.it\/tr\/wp-json\/wp\/v2\/comments?post=3724"}],"version-history":[{"count":2,"href":"https:\/\/consizmir.esteri.it\/tr\/wp-json\/wp\/v2\/posts\/3724\/revisions"}],"predecessor-version":[{"id":3750,"href":"https:\/\/consizmir.esteri.it\/tr\/wp-json\/wp\/v2\/posts\/3724\/revisions\/3750"}],"wp:featuredmedia":[{"embeddable":true,"href":"https:\/\/consizmir.esteri.it\/tr\/wp-json\/wp\/v2\/media\/3737"}],"wp:attachment":[{"href":"https:\/\/consizmir.esteri.it\/tr\/wp-json\/wp\/v2\/media?parent=3724"}],"wp:term":[{"taxonomy":"post_tag","embeddable":true,"href":"https:\/\/consizmir.esteri.it\/tr\/wp-json\/wp\/v2\/tags?post=3724"}],"curies":[{"name":"wp","href":"https:\/\/api.w.org\/{rel}","templated":true}]}}