{"id":3971,"date":"2025-10-20T12:00:35","date_gmt":"2025-10-20T12:00:35","guid":{"rendered":"https:\/\/consizmir.esteri.it\/news\/dal_consolato\/2025\/10\/accordo-in-italia-sulla-rotta-dei-focei\/"},"modified":"2025-10-22T12:44:21","modified_gmt":"2025-10-22T12:44:21","slug":"accordo-in-italia-sulla-rotta-dei-focei","status":"publish","type":"post","link":"https:\/\/consizmir.esteri.it\/tr\/news\/dal_consolato\/2025\/10\/accordo-in-italia-sulla-rotta-dei-focei\/","title":{"rendered":"\u0130talya\u2019da Fo\u00e7al\u0131lar\u0131n Rotas\u0131 \u00dczerine Anla\u015fma"},"content":{"rendered":"<p>Ascea\u2019da, Bat\u0131\u2019n\u0131n k\u00f6klerini payla\u015fan \u015fehirler aras\u0131nda tarihi bir anla\u015fma: Fo\u00e7al\u0131lar\u0131n Rotas\u0131 Uluslararas\u0131 Protokol\u00fc imzaland\u0131<\/p>\n<p>17 Ekim Cuma g\u00fcn\u00fc Ascea\u2019daki Fondazione Alario\u2019da, be\u015f Akdeniz kentini ortak bir k\u00f6kene ve payla\u015f\u0131lan bir ge\u00e7mi\u015fe dayal\u0131 olarak bir araya getiren \u201cFo\u00e7al\u0131lar\u0131n Rotas\u0131\u201d Avrupa K\u00fclt\u00fcrel Rotas\u0131 i\u00e7in resmi i\u015f birli\u011fi protokol\u00fc imzaland\u0131.<\/p>\n<p>Belgeyi imzalayanlar aras\u0131nda:<\/p>\n<p>Stefano Sansone, Ascea Belediye Ba\u015fkan\u0131 (\u0130talya)<\/p>\n<p>Saniye Bora F\u0131\u00e7\u0131, Fo\u00e7a Belediye Ba\u015fkan\u0131 (T\u00fcrkiye)<\/p>\n<p>Mart\u00ed Guinart, L\u2019Escala Temsilcisi (\u0130spanya)<\/p>\n<p>Jean-Claude Franceschi, Aleria Belediye Ba\u015fkan\u0131 (Korsika, Fransa)<\/p>\n<p>Dimitrios Sp. Papachristou, Saronikos Belediye Ba\u015fkan\u0131 (Yunanistan)<\/p>\n<p>Tiziana D\u2019Angelo, Paestum ve Velia Arkeolojik Park\u0131 Direkt\u00f6r\u00fc (\u0130talya)<\/p>\n<p>bulunuyordu.<\/p>\n<p>T\u00f6ren s\u0131ras\u0131nda, \u0130talya\u2019n\u0131n \u0130zmir Konsolosu Sn. Daniele Bianchi \u00e7evrim i\u00e7i ba\u011flant\u0131 yoluyla etkinli\u011fe kat\u0131larak, <strong>resm\u00ee olarak hitapta bulundu<\/strong> ve projenin, Akdeniz \u00fclkeleri aras\u0131nda k\u00fclt\u00fcrel ve diplomatik i\u015f birli\u011fini g\u00fc\u00e7lendirme potansiyeline dikkat \u00e7ekti.<\/p>\n<p>Bu imza ile birlikte, Fo\u00e7al\u0131lar\u0131n Rotas\u0131 Uluslararas\u0131 A\u011f\u0131 resmen kurulmu\u015f oldu. A\u011f, Avrupa Konseyi taraf\u0131ndan tan\u0131nan K\u00fclt\u00fcrel Rotalar aras\u0131na girmeyi hedefliyor ve k\u00fclt\u00fcrel i\u015f birli\u011fi, b\u00f6lge tan\u0131t\u0131m\u0131, ara\u015ft\u0131rma, e\u011fitim ve s\u00fcrd\u00fcr\u00fclebilir turizmi te\u015fvik etmeyi ama\u00e7l\u0131yor.<\/p>\n<p>Bu anla\u015fma, son aylarda \u201cFo\u00e7al\u0131lar\u0131n Rotas\u0131\u201d \u015fehirleri aras\u0131nda ba\u015flat\u0131lan i\u015f birli\u011fi s\u00fcrecinin do\u011fal bir devam\u0131 niteli\u011finde olup, \u0130talya\u2019n\u0131n Cilento b\u00f6lgesindeki Ascea \u015fehri, g\u00fcn\u00fcm\u00fczde Velia antik kentinin bulundu\u011fu yer, projenin uygulanmas\u0131 i\u00e7in ideal bir merkez olarak \u00f6ne \u00e7\u0131kmaktad\u0131r. Velia, g\u00fcn\u00fcm\u00fczde T\u00fcrkiye s\u0131n\u0131rlar\u0131 i\u00e7inde yer alan Fo\u00e7a\u2019dan gelen Fo\u00e7al\u0131lar taraf\u0131ndan kurulmu\u015f, Bat\u0131 k\u00fclt\u00fcr\u00fc ve d\u00fc\u015f\u00fcncesinin be\u015fi\u011fi olarak kabul edilir.<\/p>\n<p>Ascea Belediye Ba\u015fkan\u0131 Stefano Sansone konuyla ilgili \u015fu ifadeleri kulland\u0131:<br \/>\n\u201cAscea\u2019da tarihi bir ad\u0131m at\u0131ld\u0131: Ortak k\u00f6kleri payla\u015fan halklar aras\u0131nda diyalog ve i\u015f birli\u011fi i\u00e7in Akdeniz\u2019i yeniden merkeze al\u0131yoruz. Fo\u00e7al\u0131lar\u0131n Rotas\u0131 sadece k\u00fclt\u00fcrel bir proje de\u011fil, ayn\u0131 zamanda ortak tarihin \u0131\u015f\u0131\u011f\u0131nda bir dostluk, bar\u0131\u015f ve birlik mesaj\u0131d\u0131r.\u201d<\/p>\n<p>G\u00fcn, projenin sunumu ve \u201cElea &#8211; Yeniden Do\u011fu\u015f\u201d adl\u0131 k\u0131sa filmin g\u00f6sterimi ile devam etti. Film, Fo\u00e7al\u0131lar\u0131n Velia\u2019y\u0131 kurarken ya\u015fad\u0131\u011f\u0131 yolculuk, ka\u00e7\u0131\u015f ve umut temas\u0131n\u0131 sembolik bir \u015fekilde anlat\u0131yor.<\/p>\n<p>Fo\u00e7al\u0131lar\u0131n Rotas\u0131\u2019na adanm\u0131\u015f bu etkinlikler, 18 Ekim Cumartesi saat 21:00\u2019de, Ascea Paese&#8217;deki Palazzo Ricci Avlusu\u2019nda ger\u00e7ekle\u015fen kapan\u0131\u015f etkinli\u011fiyle sona erdi. Etkinlik, yerel halk ve uluslararas\u0131 delegasyonlar\u0131n kat\u0131l\u0131m\u0131na a\u00e7\u0131k bir kutlama gecesi oldu.<\/p>\n<p>\u0130talyan sanat\u00e7\u0131 Piera Lombardi\u2019nin m\u00fczi\u011fiyle ger\u00e7ekle\u015fen bu gecede, Akdeniz halklar\u0131 aras\u0131ndaki dostluk ve diyalog kutland\u0131. Gecede, Fo\u00e7a Belediyesi K\u00fclt\u00fcr M\u00fcd\u00fcr\u00fc O\u011fuzhan \u00c7ak\u0131refe, \u0130talyan sanat\u00e7\u0131yla birlikte sahne alarak t\u00fcm kat\u0131l\u0131mc\u0131lara duygusal anlar ya\u015fatt\u0131.<\/p>\n<p>&nbsp;<\/p>\n<p>&nbsp;<\/p>\n","protected":false},"excerpt":{"rendered":"Ascea\u2019da, Bat\u0131\u2019n\u0131n k\u00f6klerini payla\u015fan \u015fehirler aras\u0131nda tarihi bir anla\u015fma: Fo\u00e7al\u0131lar\u0131n Rotas\u0131 Uluslararas\u0131 Protokol\u00fc imzaland\u0131 17 Ekim Cuma g\u00fcn\u00fc Ascea\u2019daki Fondazione Alario\u2019da, be\u015f Akdeniz kentini ortak bir k\u00f6kene ve payla\u015f\u0131lan bir ge\u00e7mi\u015fe dayal\u0131 olarak bir araya getiren \u201cFo\u00e7al\u0131lar\u0131n Rotas\u0131\u201d Avrupa K\u00fclt\u00fcrel Rotas\u0131 i\u00e7in resmi i\u015f birli\u011fi protokol\u00fc imzaland\u0131. Belgeyi imzalayanlar aras\u0131nda: Stefano Sansone, Ascea Belediye Ba\u015fkan\u0131 [&hellip;]","protected":false},"author":6,"featured_media":3993,"comment_status":"closed","ping_status":"closed","sticky":false,"template":"","format":"standard","meta":{"footnotes":""},"tags":[],"class_list":["post-3971","post","type-post","status-publish","format-standard","has-post-thumbnail","hentry"],"_links":{"self":[{"href":"https:\/\/consizmir.esteri.it\/tr\/wp-json\/wp\/v2\/posts\/3971","targetHints":{"allow":["GET"]}}],"collection":[{"href":"https:\/\/consizmir.esteri.it\/tr\/wp-json\/wp\/v2\/posts"}],"about":[{"href":"https:\/\/consizmir.esteri.it\/tr\/wp-json\/wp\/v2\/types\/post"}],"author":[{"embeddable":true,"href":"https:\/\/consizmir.esteri.it\/tr\/wp-json\/wp\/v2\/users\/6"}],"replies":[{"embeddable":true,"href":"https:\/\/consizmir.esteri.it\/tr\/wp-json\/wp\/v2\/comments?post=3971"}],"version-history":[{"count":1,"href":"https:\/\/consizmir.esteri.it\/tr\/wp-json\/wp\/v2\/posts\/3971\/revisions"}],"predecessor-version":[{"id":3974,"href":"https:\/\/consizmir.esteri.it\/tr\/wp-json\/wp\/v2\/posts\/3971\/revisions\/3974"}],"wp:featuredmedia":[{"embeddable":true,"href":"https:\/\/consizmir.esteri.it\/tr\/wp-json\/wp\/v2\/media\/3993"}],"wp:attachment":[{"href":"https:\/\/consizmir.esteri.it\/tr\/wp-json\/wp\/v2\/media?parent=3971"}],"wp:term":[{"taxonomy":"post_tag","embeddable":true,"href":"https:\/\/consizmir.esteri.it\/tr\/wp-json\/wp\/v2\/tags?post=3971"}],"curies":[{"name":"wp","href":"https:\/\/api.w.org\/{rel}","templated":true}]}}