{"id":4046,"date":"2025-10-24T09:05:11","date_gmt":"2025-10-24T09:05:11","guid":{"rendered":"https:\/\/consizmir.esteri.it\/news\/dal_consolato\/2025\/10\/incontro-a-casa-italia-sulla-nuova-legge-di-cittadinanza\/"},"modified":"2025-10-24T09:19:01","modified_gmt":"2025-10-24T09:19:01","slug":"incontro-a-casa-italia-sulla-nuova-legge-di-cittadinanza","status":"publish","type":"post","link":"https:\/\/consizmir.esteri.it\/tr\/news\/dal_consolato\/2025\/10\/incontro-a-casa-italia-sulla-nuova-legge-di-cittadinanza\/","title":{"rendered":"Casa Italia\u2019da Yeni Vatanda\u015fl\u0131k Yasas\u0131 \u00dczerine Toplant\u0131"},"content":{"rendered":"<p class=\"selectable-text copyable-text x15bjb6t x1n2onr6\"><span class=\"selectable-text copyable-text xkrh14z\">Say\u0131n Konsolosumuz, konsolosluk g\u00f6revlisi Barbara La Rosa ile birlikte, yeni \u0130talyan vatanda\u015fl\u0131k yasas\u0131yla ilgili sorular\u0131 yan\u0131tlamak \u00fczere Casa Italia\u2019da \u0130talyan ve Levanten toplumu ile bir araya geldi.<\/span><\/p>\n<p class=\"selectable-text copyable-text x15bjb6t x1n2onr6\"><span class=\"selectable-text copyable-text xkrh14z\">Toplant\u0131n\u0131n organizasyonu i\u00e7in Comites\u2019e ve Levanten Derne\u011fi\u2019ne te\u015fekk\u00fcr ederiz.<\/span><\/p>\n","protected":false},"excerpt":{"rendered":"Say\u0131n Konsolosumuz, konsolosluk g\u00f6revlisi Barbara La Rosa ile birlikte, yeni \u0130talyan vatanda\u015fl\u0131k yasas\u0131yla ilgili sorular\u0131 yan\u0131tlamak \u00fczere Casa Italia\u2019da \u0130talyan ve Levanten toplumu ile bir araya geldi. Toplant\u0131n\u0131n organizasyonu i\u00e7in Comites\u2019e ve Levanten Derne\u011fi\u2019ne te\u015fekk\u00fcr ederiz.","protected":false},"author":6,"featured_media":4025,"comment_status":"closed","ping_status":"closed","sticky":false,"template":"","format":"standard","meta":{"footnotes":""},"tags":[],"class_list":["post-4046","post","type-post","status-publish","format-standard","has-post-thumbnail","hentry"],"_links":{"self":[{"href":"https:\/\/consizmir.esteri.it\/tr\/wp-json\/wp\/v2\/posts\/4046","targetHints":{"allow":["GET"]}}],"collection":[{"href":"https:\/\/consizmir.esteri.it\/tr\/wp-json\/wp\/v2\/posts"}],"about":[{"href":"https:\/\/consizmir.esteri.it\/tr\/wp-json\/wp\/v2\/types\/post"}],"author":[{"embeddable":true,"href":"https:\/\/consizmir.esteri.it\/tr\/wp-json\/wp\/v2\/users\/6"}],"replies":[{"embeddable":true,"href":"https:\/\/consizmir.esteri.it\/tr\/wp-json\/wp\/v2\/comments?post=4046"}],"version-history":[{"count":2,"href":"https:\/\/consizmir.esteri.it\/tr\/wp-json\/wp\/v2\/posts\/4046\/revisions"}],"predecessor-version":[{"id":4049,"href":"https:\/\/consizmir.esteri.it\/tr\/wp-json\/wp\/v2\/posts\/4046\/revisions\/4049"}],"wp:featuredmedia":[{"embeddable":true,"href":"https:\/\/consizmir.esteri.it\/tr\/wp-json\/wp\/v2\/media\/4025"}],"wp:attachment":[{"href":"https:\/\/consizmir.esteri.it\/tr\/wp-json\/wp\/v2\/media?parent=4046"}],"wp:term":[{"taxonomy":"post_tag","embeddable":true,"href":"https:\/\/consizmir.esteri.it\/tr\/wp-json\/wp\/v2\/tags?post=4046"}],"curies":[{"name":"wp","href":"https:\/\/api.w.org\/{rel}","templated":true}]}}