{"id":4469,"date":"2026-03-11T09:33:41","date_gmt":"2026-03-11T09:33:41","guid":{"rendered":"https:\/\/consizmir.esteri.it\/news\/dal_consolato\/2026\/03\/avviso-per-la-sponsorizzazione-della-festa-nazionale-2026\/"},"modified":"2026-03-12T09:38:23","modified_gmt":"2026-03-12T09:38:23","slug":"avviso-per-la-sponsorizzazione-della-festa-nazionale-2026","status":"publish","type":"post","link":"https:\/\/consizmir.esteri.it\/tr\/news\/dal_consolato\/2026\/03\/avviso-per-la-sponsorizzazione-della-festa-nazionale-2026\/","title":{"rendered":"2026 Ulusal Bayram\u0131 i\u00e7in Sponsorluk Duyurusu"},"content":{"rendered":"<p data-start=\"0\" data-end=\"162\">\u0130zmir \u0130talya Konsoloslu\u011fu, <strong data-start=\"27\" data-end=\"54\">2026 Cumhuriyet Bayram\u0131<\/strong> vesilesiyle <strong data-start=\"67\" data-end=\"95\">8 Haziran Pazartesi g\u00fcn\u00fc<\/strong> d\u00fczenlenecek resepsiyon i\u00e7in <strong data-start=\"125\" data-end=\"161\">sponsorluk s\u00fcrecini ba\u015flatm\u0131\u015ft\u0131r<\/strong>.<\/p>\n<p data-start=\"164\" data-end=\"237\">Tekliflerin g\u00f6nderilmesi i\u00e7in belirlenen son tarih <strong data-start=\"215\" data-end=\"232\">17 Nisan 2026<\/strong>\u2019d\u0131r.<\/p>\n<p data-start=\"239\" data-end=\"326\" data-is-last-node=\"\" data-is-only-node=\"\">Sponsorluk i\u00e7in <strong data-start=\"255\" data-end=\"273\">ihale duyurusu<\/strong> ile <strong data-start=\"278\" data-end=\"300\">niyet beyan\u0131 formu<\/strong> a\u015fa\u011f\u0131da yay\u0131mlanmaktad\u0131r.<\/p>\n","protected":false},"excerpt":{"rendered":"\u0130zmir \u0130talya Konsoloslu\u011fu, 2026 Cumhuriyet Bayram\u0131 vesilesiyle 8 Haziran Pazartesi g\u00fcn\u00fc d\u00fczenlenecek resepsiyon i\u00e7in sponsorluk s\u00fcrecini ba\u015flatm\u0131\u015ft\u0131r. Tekliflerin g\u00f6nderilmesi i\u00e7in belirlenen son tarih 17 Nisan 2026\u2019d\u0131r. Sponsorluk i\u00e7in ihale duyurusu ile niyet beyan\u0131 formu a\u015fa\u011f\u0131da yay\u0131mlanmaktad\u0131r.","protected":false},"author":6,"featured_media":0,"comment_status":"closed","ping_status":"closed","sticky":false,"template":"","format":"standard","meta":{"footnotes":""},"tags":[],"class_list":["post-4469","post","type-post","status-publish","format-standard","hentry"],"_links":{"self":[{"href":"https:\/\/consizmir.esteri.it\/tr\/wp-json\/wp\/v2\/posts\/4469","targetHints":{"allow":["GET"]}}],"collection":[{"href":"https:\/\/consizmir.esteri.it\/tr\/wp-json\/wp\/v2\/posts"}],"about":[{"href":"https:\/\/consizmir.esteri.it\/tr\/wp-json\/wp\/v2\/types\/post"}],"author":[{"embeddable":true,"href":"https:\/\/consizmir.esteri.it\/tr\/wp-json\/wp\/v2\/users\/6"}],"replies":[{"embeddable":true,"href":"https:\/\/consizmir.esteri.it\/tr\/wp-json\/wp\/v2\/comments?post=4469"}],"version-history":[{"count":1,"href":"https:\/\/consizmir.esteri.it\/tr\/wp-json\/wp\/v2\/posts\/4469\/revisions"}],"predecessor-version":[{"id":4472,"href":"https:\/\/consizmir.esteri.it\/tr\/wp-json\/wp\/v2\/posts\/4469\/revisions\/4472"}],"wp:attachment":[{"href":"https:\/\/consizmir.esteri.it\/tr\/wp-json\/wp\/v2\/media?parent=4469"}],"wp:term":[{"taxonomy":"post_tag","embeddable":true,"href":"https:\/\/consizmir.esteri.it\/tr\/wp-json\/wp\/v2\/tags?post=4469"}],"curies":[{"name":"wp","href":"https:\/\/api.w.org\/{rel}","templated":true}]}}